{"id":941,"date":"2021-01-15T16:48:10","date_gmt":"2021-01-15T18:48:10","guid":{"rendered":"http:\/\/www.cardoso.sp.gov.br\/novo\/coronavirus\/?p=941"},"modified":"2021-01-15T16:48:41","modified_gmt":"2021-01-15T18:48:41","slug":"decreto-no-3-563-2021-adota-novas-medidas-pandemia","status":"publish","type":"post","link":"https:\/\/www.cardoso.sp.gov.br\/novo\/coronavirus\/decreto-no-3-563-2021-adota-novas-medidas-pandemia\/","title":{"rendered":"DECRETO N\u00ba 3.563-2021 &#8211; ADOTA NOVAS MEDIDAS &#8211; PANDEMIA"},"content":{"rendered":"<p><strong>DECRETO N\u00ba 3.563, DE 15 DE JANEIRO DE 2021.<\/strong><\/p>\n<p>DISP\u00d5E SOBRE ADO\u00c7\u00c3O DE NOVAS MEDIDAS DE CAR\u00c1TER TEMPOR\u00c1RIO EMERGENCIAL E DE PREVEN\u00c7\u00c3O NO CONTEXTO DA PANDEMIA DO COVID-19, NO MUNIC\u00cdPIO DE CARDOSO E D\u00c1 OUTRAS PROVID\u00caNCIAS.<\/p>\n<p><a href=\"http:\/\/www.cardoso.sp.gov.br\/novo\/coronavirus\/wp-content\/uploads\/2021\/01\/DECRETO-No-3.563-2021-ADOTA-NOVAS-MEDIDAS-PANDEMIA.pdf\">DECRETO N\u00ba 3.563-2021 &#8211; ADOTA NOVAS MEDIDAS &#8211; PANDEMIA<\/a><\/p>\n","protected":false},"excerpt":{"rendered":"<p>DECRETO N\u00ba 3.563, DE 15 DE JANEIRO DE 2021. DISP\u00d5E SOBRE ADO\u00c7\u00c3O DE NOVAS MEDIDAS DE CAR\u00c1TER TEMPOR\u00c1RIO EMERGENCIAL E DE PREVEN\u00c7\u00c3O NO CONTEXTO DA PANDEMIA<span class=\"excerpt-hellip\"> [\u2026]<\/span><\/p>\n","protected":false},"author":5,"featured_media":0,"comment_status":"closed","ping_status":"closed","sticky":false,"template":"","format":"standard","meta":{"footnotes":""},"categories":[5],"tags":[],"class_list":["post-941","post","type-post","status-publish","format-standard","hentry","category-notas-e-decretos"],"_links":{"self":[{"href":"https:\/\/www.cardoso.sp.gov.br\/novo\/coronavirus\/wp-json\/wp\/v2\/posts\/941","targetHints":{"allow":["GET"]}}],"collection":[{"href":"https:\/\/www.cardoso.sp.gov.br\/novo\/coronavirus\/wp-json\/wp\/v2\/posts"}],"about":[{"href":"https:\/\/www.cardoso.sp.gov.br\/novo\/coronavirus\/wp-json\/wp\/v2\/types\/post"}],"author":[{"embeddable":true,"href":"https:\/\/www.cardoso.sp.gov.br\/novo\/coronavirus\/wp-json\/wp\/v2\/users\/5"}],"replies":[{"embeddable":true,"href":"https:\/\/www.cardoso.sp.gov.br\/novo\/coronavirus\/wp-json\/wp\/v2\/comments?post=941"}],"version-history":[{"count":3,"href":"https:\/\/www.cardoso.sp.gov.br\/novo\/coronavirus\/wp-json\/wp\/v2\/posts\/941\/revisions"}],"predecessor-version":[{"id":945,"href":"https:\/\/www.cardoso.sp.gov.br\/novo\/coronavirus\/wp-json\/wp\/v2\/posts\/941\/revisions\/945"}],"wp:attachment":[{"href":"https:\/\/www.cardoso.sp.gov.br\/novo\/coronavirus\/wp-json\/wp\/v2\/media?parent=941"}],"wp:term":[{"taxonomy":"category","embeddable":true,"href":"https:\/\/www.cardoso.sp.gov.br\/novo\/coronavirus\/wp-json\/wp\/v2\/categories?post=941"},{"taxonomy":"post_tag","embeddable":true,"href":"https:\/\/www.cardoso.sp.gov.br\/novo\/coronavirus\/wp-json\/wp\/v2\/tags?post=941"}],"curies":[{"name":"wp","href":"https:\/\/api.w.org\/{rel}","templated":true}]}}