{"id":844,"date":"2020-11-23T15:17:44","date_gmt":"2020-11-23T17:17:44","guid":{"rendered":"http:\/\/www.cardoso.sp.gov.br\/novo\/coronavirus\/?p=844"},"modified":"2020-11-23T15:19:44","modified_gmt":"2020-11-23T17:19:44","slug":"ata-de-registro-de-precos-no-031-2019_pregao-065-2019","status":"publish","type":"post","link":"https:\/\/www.cardoso.sp.gov.br\/novo\/coronavirus\/ata-de-registro-de-precos-no-031-2019_pregao-065-2019\/","title":{"rendered":"ATA DE REGISTRO DE PRE\u00c7OS N\u00ba 031-2019_PREG\u00c3O 065-2019"},"content":{"rendered":"<p><strong>ATA DE REGISTRO DE PRE\u00c7OS N\u00ba 031-2019_PREG\u00c3O 065-2019<\/strong><\/p>\n<p><a href=\"http:\/\/www.cardoso.sp.gov.br\/novo\/coronavirus\/wp-content\/uploads\/2020\/11\/01-Cotacao-1.pdf\">01 &#8211; Cota\u00e7\u00e3o<\/a><\/p>\n<p><a href=\"http:\/\/www.cardoso.sp.gov.br\/novo\/coronavirus\/wp-content\/uploads\/2020\/11\/02-EDITAL-CARNES-E-FRIOS.pdf\">02 &#8211; EDITAL &#8211; CARNES E FRIOS<\/a><\/p>\n<p><a href=\"http:\/\/www.cardoso.sp.gov.br\/novo\/coronavirus\/wp-content\/uploads\/2020\/11\/03-Ata-da-sessao-2.pdf\">03 &#8211; Ata da sess\u00e3o<\/a><\/p>\n<p><a href=\"http:\/\/www.cardoso.sp.gov.br\/novo\/coronavirus\/wp-content\/uploads\/2020\/11\/04-Homologacao-3.pdf\">04 &#8211; Homologa\u00e7\u00e3o<\/a><\/p>\n<p><a href=\"http:\/\/www.cardoso.sp.gov.br\/novo\/coronavirus\/wp-content\/uploads\/2020\/11\/05-Ata-de-Registro-de-Precos-no-031-2019.pdf\">05 &#8211; Ata de Registro de Pre\u00e7os n\u00ba 031-2019<\/a><\/p>\n<p><strong>EMPENHOS<\/strong><\/p>\n<p><a href=\"http:\/\/www.cardoso.sp.gov.br\/novo\/coronavirus\/wp-content\/uploads\/2020\/11\/Empenho-3774.pdf\">Empenho 3774<\/a><\/p>\n<p><a href=\"http:\/\/www.cardoso.sp.gov.br\/novo\/coronavirus\/wp-content\/uploads\/2020\/11\/Empenho-6331-1.pdf\">Empenho 6331-1<\/a><\/p>\n<p><a href=\"http:\/\/www.cardoso.sp.gov.br\/novo\/coronavirus\/wp-content\/uploads\/2020\/11\/Empenho-6338.pdf\">Empenho 6338<\/a><\/p>\n<p><a href=\"http:\/\/www.cardoso.sp.gov.br\/novo\/coronavirus\/wp-content\/uploads\/2020\/11\/Empenho-6747.pdf\">Empenho 6747<\/a><\/p>\n<p><a href=\"http:\/\/www.cardoso.sp.gov.br\/novo\/coronavirus\/wp-content\/uploads\/2020\/11\/Empenho-7174.pdf\">Empenho 7174<\/a><\/p>\n<p><a href=\"http:\/\/www.cardoso.sp.gov.br\/novo\/coronavirus\/wp-content\/uploads\/2020\/11\/Empenho-7194.pdf\">Empenho 7194<\/a><\/p>\n<p><a href=\"http:\/\/www.cardoso.sp.gov.br\/novo\/coronavirus\/wp-content\/uploads\/2020\/11\/Empenho-7387.pdf\">Empenho 7387<\/a><\/p>\n<p><a href=\"http:\/\/www.cardoso.sp.gov.br\/novo\/coronavirus\/wp-content\/uploads\/2020\/11\/Empenho-7512.pdf\">Empenho 7512<\/a><\/p>\n<p><a href=\"http:\/\/www.cardoso.sp.gov.br\/novo\/coronavirus\/wp-content\/uploads\/2020\/11\/Empenho-7822.pdf\">Empenho 7822<\/a><\/p>\n<p><a href=\"http:\/\/www.cardoso.sp.gov.br\/novo\/coronavirus\/wp-content\/uploads\/2020\/11\/Empenho-7831.pdf\">Empenho 7831<\/a><\/p>\n<p><a href=\"http:\/\/www.cardoso.sp.gov.br\/novo\/coronavirus\/wp-content\/uploads\/2020\/11\/Empenho-7926.pdf\">Empenho 7926<\/a><\/p>\n<p><a href=\"http:\/\/www.cardoso.sp.gov.br\/novo\/coronavirus\/wp-content\/uploads\/2020\/11\/Liquidacao-7218-1.pdf\">Liquida\u00e7\u00e3o 7218-1<\/a><\/p>\n<p><a href=\"http:\/\/www.cardoso.sp.gov.br\/novo\/coronavirus\/wp-content\/uploads\/2020\/11\/Liquidacao-7223-1.pdf\">Liquida\u00e7\u00e3o 7223-1<\/a><\/p>\n<p><a href=\"http:\/\/www.cardoso.sp.gov.br\/novo\/coronavirus\/wp-content\/uploads\/2020\/11\/Liquidacao-7225-1.pdf\">Liquida\u00e7\u00e3o 7225 &#8211; 1<\/a><\/p>\n<p>&nbsp;<\/p>\n","protected":false},"excerpt":{"rendered":"<p>ATA DE REGISTRO DE PRE\u00c7OS N\u00ba 031-2019_PREG\u00c3O 065-2019 01 &#8211; Cota\u00e7\u00e3o 02 &#8211; EDITAL &#8211; CARNES E FRIOS 03 &#8211; Ata da sess\u00e3o 04 &#8211; Homologa\u00e7\u00e3o<span class=\"excerpt-hellip\"> [\u2026]<\/span><\/p>\n","protected":false},"author":5,"featured_media":0,"comment_status":"closed","ping_status":"closed","sticky":false,"template":"","format":"standard","meta":{"footnotes":""},"categories":[6],"tags":[],"class_list":["post-844","post","type-post","status-publish","format-standard","hentry","category-repasses-e-contratacoes"],"_links":{"self":[{"href":"https:\/\/www.cardoso.sp.gov.br\/novo\/coronavirus\/wp-json\/wp\/v2\/posts\/844","targetHints":{"allow":["GET"]}}],"collection":[{"href":"https:\/\/www.cardoso.sp.gov.br\/novo\/coronavirus\/wp-json\/wp\/v2\/posts"}],"about":[{"href":"https:\/\/www.cardoso.sp.gov.br\/novo\/coronavirus\/wp-json\/wp\/v2\/types\/post"}],"author":[{"embeddable":true,"href":"https:\/\/www.cardoso.sp.gov.br\/novo\/coronavirus\/wp-json\/wp\/v2\/users\/5"}],"replies":[{"embeddable":true,"href":"https:\/\/www.cardoso.sp.gov.br\/novo\/coronavirus\/wp-json\/wp\/v2\/comments?post=844"}],"version-history":[{"count":1,"href":"https:\/\/www.cardoso.sp.gov.br\/novo\/coronavirus\/wp-json\/wp\/v2\/posts\/844\/revisions"}],"predecessor-version":[{"id":864,"href":"https:\/\/www.cardoso.sp.gov.br\/novo\/coronavirus\/wp-json\/wp\/v2\/posts\/844\/revisions\/864"}],"wp:attachment":[{"href":"https:\/\/www.cardoso.sp.gov.br\/novo\/coronavirus\/wp-json\/wp\/v2\/media?parent=844"}],"wp:term":[{"taxonomy":"category","embeddable":true,"href":"https:\/\/www.cardoso.sp.gov.br\/novo\/coronavirus\/wp-json\/wp\/v2\/categories?post=844"},{"taxonomy":"post_tag","embeddable":true,"href":"https:\/\/www.cardoso.sp.gov.br\/novo\/coronavirus\/wp-json\/wp\/v2\/tags?post=844"}],"curies":[{"name":"wp","href":"https:\/\/api.w.org\/{rel}","templated":true}]}}