{"id":833,"date":"2020-11-23T15:12:26","date_gmt":"2020-11-23T17:12:26","guid":{"rendered":"http:\/\/www.cardoso.sp.gov.br\/novo\/coronavirus\/?p=833"},"modified":"2020-11-23T15:12:26","modified_gmt":"2020-11-23T17:12:26","slug":"ata-de-registro-de-precos-no-028-2019_pregao-059-2019","status":"publish","type":"post","link":"https:\/\/www.cardoso.sp.gov.br\/novo\/coronavirus\/ata-de-registro-de-precos-no-028-2019_pregao-059-2019\/","title":{"rendered":"ATA DE REGISTRO DE PRE\u00c7OS N\u00ba 028-2019_PREG\u00c3O 059-2019"},"content":{"rendered":"<p><strong>ATA DE REGISTRO DE PRE\u00c7OS N\u00ba 028-2019_PREG\u00c3O 059-2019<\/strong><\/p>\n<p><a href=\"http:\/\/www.cardoso.sp.gov.br\/novo\/coronavirus\/wp-content\/uploads\/2020\/11\/01-Cotacao.pdf\">01 &#8211; Cota\u00e7\u00e3o<\/a><\/p>\n<p><a href=\"http:\/\/www.cardoso.sp.gov.br\/novo\/coronavirus\/wp-content\/uploads\/2020\/11\/02-EDITAL-Refeicao-Marmitex.pdf\">02 &#8211; EDITAL &#8211; Refei\u00e7\u00e3o Marmitex<\/a><\/p>\n<p><a href=\"http:\/\/www.cardoso.sp.gov.br\/novo\/coronavirus\/wp-content\/uploads\/2020\/11\/03-Ata-da-sessao-1.pdf\">03 &#8211; Ata da sess\u00e3o<\/a><\/p>\n<p><a href=\"http:\/\/www.cardoso.sp.gov.br\/novo\/coronavirus\/wp-content\/uploads\/2020\/11\/04-Homologacao-2.pdf\">04 &#8211; Homologa\u00e7\u00e3o<\/a><\/p>\n<p><a href=\"http:\/\/www.cardoso.sp.gov.br\/novo\/coronavirus\/wp-content\/uploads\/2020\/11\/05-Ata-de-Registro-de-Precos-no-028-2019.pdf\">05 &#8211; Ata de Registro de Pre\u00e7os n\u00ba 028-2019<\/a><\/p>\n<p><strong>EMPENHOS<\/strong><\/p>\n<p><a href=\"http:\/\/www.cardoso.sp.gov.br\/novo\/coronavirus\/wp-content\/uploads\/2020\/11\/06-NOTA-DE-EMPENHO-3482.pdf\">06 &#8211; NOTA DE EMPENHO &#8211; 3482<\/a><\/p>\n<p><a href=\"http:\/\/www.cardoso.sp.gov.br\/novo\/coronavirus\/wp-content\/uploads\/2020\/11\/07-NOTA-DE-EMPENHO-3618.pdf\">07 &#8211; NOTA DE EMPENHO &#8211; 3618<\/a><\/p>\n<p><a href=\"http:\/\/www.cardoso.sp.gov.br\/novo\/coronavirus\/wp-content\/uploads\/2020\/11\/08-NOTA-DE-EMPENHO-4135.pdf\">08 &#8211; NOTA DE EMPENHO &#8211; 4135<\/a><\/p>\n","protected":false},"excerpt":{"rendered":"<p>ATA DE REGISTRO DE PRE\u00c7OS N\u00ba 028-2019_PREG\u00c3O 059-2019 01 &#8211; Cota\u00e7\u00e3o 02 &#8211; EDITAL &#8211; Refei\u00e7\u00e3o Marmitex 03 &#8211; Ata da sess\u00e3o 04 &#8211; Homologa\u00e7\u00e3o 05<span class=\"excerpt-hellip\"> [\u2026]<\/span><\/p>\n","protected":false},"author":5,"featured_media":0,"comment_status":"closed","ping_status":"closed","sticky":false,"template":"","format":"standard","meta":{"footnotes":""},"categories":[6],"tags":[],"class_list":["post-833","post","type-post","status-publish","format-standard","hentry","category-repasses-e-contratacoes"],"_links":{"self":[{"href":"https:\/\/www.cardoso.sp.gov.br\/novo\/coronavirus\/wp-json\/wp\/v2\/posts\/833","targetHints":{"allow":["GET"]}}],"collection":[{"href":"https:\/\/www.cardoso.sp.gov.br\/novo\/coronavirus\/wp-json\/wp\/v2\/posts"}],"about":[{"href":"https:\/\/www.cardoso.sp.gov.br\/novo\/coronavirus\/wp-json\/wp\/v2\/types\/post"}],"author":[{"embeddable":true,"href":"https:\/\/www.cardoso.sp.gov.br\/novo\/coronavirus\/wp-json\/wp\/v2\/users\/5"}],"replies":[{"embeddable":true,"href":"https:\/\/www.cardoso.sp.gov.br\/novo\/coronavirus\/wp-json\/wp\/v2\/comments?post=833"}],"version-history":[{"count":2,"href":"https:\/\/www.cardoso.sp.gov.br\/novo\/coronavirus\/wp-json\/wp\/v2\/posts\/833\/revisions"}],"predecessor-version":[{"id":843,"href":"https:\/\/www.cardoso.sp.gov.br\/novo\/coronavirus\/wp-json\/wp\/v2\/posts\/833\/revisions\/843"}],"wp:attachment":[{"href":"https:\/\/www.cardoso.sp.gov.br\/novo\/coronavirus\/wp-json\/wp\/v2\/media?parent=833"}],"wp:term":[{"taxonomy":"category","embeddable":true,"href":"https:\/\/www.cardoso.sp.gov.br\/novo\/coronavirus\/wp-json\/wp\/v2\/categories?post=833"},{"taxonomy":"post_tag","embeddable":true,"href":"https:\/\/www.cardoso.sp.gov.br\/novo\/coronavirus\/wp-json\/wp\/v2\/tags?post=833"}],"curies":[{"name":"wp","href":"https:\/\/api.w.org\/{rel}","templated":true}]}}