{"id":786,"date":"2020-11-23T14:59:59","date_gmt":"2020-11-23T16:59:59","guid":{"rendered":"http:\/\/www.cardoso.sp.gov.br\/novo\/coronavirus\/?p=786"},"modified":"2020-11-23T14:59:59","modified_gmt":"2020-11-23T16:59:59","slug":"ata-de-registro-de-precos-no-018-2020_pregao-024-2020","status":"publish","type":"post","link":"https:\/\/www.cardoso.sp.gov.br\/novo\/coronavirus\/ata-de-registro-de-precos-no-018-2020_pregao-024-2020\/","title":{"rendered":"ATA DE REGISTRO DE PRE\u00c7OS N\u00ba 018-2020_PREG\u00c3O 024-2020"},"content":{"rendered":"<p><strong>ATA DE REGISTRO DE PRE\u00c7OS N\u00ba 018-2020_PREG\u00c3O 024-2020<\/strong><\/p>\n<p><a href=\"http:\/\/www.cardoso.sp.gov.br\/novo\/coronavirus\/wp-content\/uploads\/2020\/11\/01-QUADRO-DE-COTACAO-2.pdf\">01 &#8211; QUADRO DE COTA\u00c7\u00c3O<\/a><\/p>\n<p><a href=\"http:\/\/www.cardoso.sp.gov.br\/novo\/coronavirus\/wp-content\/uploads\/2020\/11\/02-EDITAL_GENEROS-ALIMENTICIO.pdf\">02 &#8211; EDITAL_G\u00caNEROS ALIMENT\u00cdCIO<\/a><\/p>\n<p><a href=\"http:\/\/www.cardoso.sp.gov.br\/novo\/coronavirus\/wp-content\/uploads\/2020\/11\/03-ATA-DE-SESSAO-PUBLICA-2.pdf\">03 &#8211; ATA DE SESS\u00c3O PUBLICA<\/a><\/p>\n<p><a href=\"http:\/\/www.cardoso.sp.gov.br\/novo\/coronavirus\/wp-content\/uploads\/2020\/11\/04-HOMOLOGACAO-2.pdf\">04 &#8211; HOMOLOGA\u00c7\u00c3O<\/a><\/p>\n<p><a href=\"http:\/\/www.cardoso.sp.gov.br\/novo\/coronavirus\/wp-content\/uploads\/2020\/11\/05-ATA-DE-REGISTRO-DE-PRECOS-No-018-2020.pdf\">05 &#8211; ATA DE REGISTRO DE PRE\u00c7OS N\u00ba 018-2020<\/a><\/p>\n<p><strong>EMPENHOS<\/strong><\/p>\n<p><a href=\"http:\/\/www.cardoso.sp.gov.br\/novo\/coronavirus\/wp-content\/uploads\/2020\/11\/Empenho-6332.pdf\">Empenho &#8211; 6332<\/a><\/p>\n<p><a href=\"http:\/\/www.cardoso.sp.gov.br\/novo\/coronavirus\/wp-content\/uploads\/2020\/11\/Empenho-7850.pdf\">Empenho 7850<\/a><\/p>\n<p><a href=\"http:\/\/www.cardoso.sp.gov.br\/novo\/coronavirus\/wp-content\/uploads\/2020\/11\/Empenho-7192.pdf\">Empenho 7192<\/a><\/p>\n<p><a href=\"http:\/\/www.cardoso.sp.gov.br\/novo\/coronavirus\/wp-content\/uploads\/2020\/11\/Empenho-7212.pdf\">Empenho 7212<\/a><\/p>\n<p><a href=\"http:\/\/www.cardoso.sp.gov.br\/novo\/coronavirus\/wp-content\/uploads\/2020\/11\/Empenho-7772.pdf\">Empenho 7772<\/a><\/p>\n<p><a href=\"http:\/\/www.cardoso.sp.gov.br\/novo\/coronavirus\/wp-content\/uploads\/2020\/11\/Empenho-7797.pdf\">Empenho 7797<\/a><\/p>\n<p><a href=\"http:\/\/www.cardoso.sp.gov.br\/novo\/coronavirus\/wp-content\/uploads\/2020\/11\/Empenho-7819.pdf\">Empenho 7819<\/a><\/p>\n<p><a href=\"http:\/\/www.cardoso.sp.gov.br\/novo\/coronavirus\/wp-content\/uploads\/2020\/11\/Empenho-7820.pdf\">Empenho 7820<\/a><\/p>\n<p><a href=\"http:\/\/www.cardoso.sp.gov.br\/novo\/coronavirus\/wp-content\/uploads\/2020\/11\/Empenho-7905.pdf\">Empenho 7905<\/a><\/p>\n<p><a href=\"http:\/\/www.cardoso.sp.gov.br\/novo\/coronavirus\/wp-content\/uploads\/2020\/11\/Liquidacao-6728-1.pdf\">Liquida\u00e7\u00e3o 6728-1<\/a><\/p>\n<p><a href=\"http:\/\/www.cardoso.sp.gov.br\/novo\/coronavirus\/wp-content\/uploads\/2020\/11\/Liquidacao-7006-1.pdf\">Liquida\u00e7\u00e3o 7006-1<\/a><\/p>\n<p><a href=\"http:\/\/www.cardoso.sp.gov.br\/novo\/coronavirus\/wp-content\/uploads\/2020\/11\/Liquidacao-7217-1.pdf\">Liquida\u00e7\u00e3o 7217-1<\/a><\/p>\n<p><a href=\"http:\/\/www.cardoso.sp.gov.br\/novo\/coronavirus\/wp-content\/uploads\/2020\/11\/Liquidacao-7221-1.pdf\">Liquida\u00e7\u00e3o 7221-1<\/a><\/p>\n<p><a href=\"http:\/\/www.cardoso.sp.gov.br\/novo\/coronavirus\/wp-content\/uploads\/2020\/11\/Liquidacao-7222-1.pdf\">Liquida\u00e7\u00e3o 7222-1<\/a><\/p>\n<p><a href=\"http:\/\/www.cardoso.sp.gov.br\/novo\/coronavirus\/wp-content\/uploads\/2020\/11\/Liquidacao-7266-1.pdf\">Liquida\u00e7\u00e3o 7266-1<\/a><\/p>\n<p><a href=\"http:\/\/www.cardoso.sp.gov.br\/novo\/coronavirus\/wp-content\/uploads\/2020\/11\/Liquidacao-7363-1.pdf\">Liquida\u00e7\u00e3o 7363-1<\/a><\/p>\n<p><a href=\"http:\/\/www.cardoso.sp.gov.br\/novo\/coronavirus\/wp-content\/uploads\/2020\/11\/Liquidacao-7420-1.pdf\">Liquida\u00e7\u00e3o 7420-1<\/a><\/p>\n<p><a href=\"http:\/\/www.cardoso.sp.gov.br\/novo\/coronavirus\/wp-content\/uploads\/2020\/11\/Liquidacao-7789-1.pdf\">Liquida\u00e7\u00e3o 7789-1<\/a><\/p>\n<p><a href=\"http:\/\/www.cardoso.sp.gov.br\/novo\/coronavirus\/wp-content\/uploads\/2020\/11\/Liquidacao-7839-1.pdf\">Liquida\u00e7\u00e3o 7839-1<\/a><\/p>\n<p>&nbsp;<\/p>\n","protected":false},"excerpt":{"rendered":"<p>ATA DE REGISTRO DE PRE\u00c7OS N\u00ba 018-2020_PREG\u00c3O 024-2020 01 &#8211; QUADRO DE COTA\u00c7\u00c3O 02 &#8211; EDITAL_G\u00caNEROS ALIMENT\u00cdCIO 03 &#8211; ATA DE SESS\u00c3O PUBLICA 04 &#8211; HOMOLOGA\u00c7\u00c3O<span class=\"excerpt-hellip\"> [\u2026]<\/span><\/p>\n","protected":false},"author":5,"featured_media":0,"comment_status":"closed","ping_status":"closed","sticky":false,"template":"","format":"standard","meta":{"footnotes":""},"categories":[6],"tags":[],"class_list":["post-786","post","type-post","status-publish","format-standard","hentry","category-repasses-e-contratacoes"],"_links":{"self":[{"href":"https:\/\/www.cardoso.sp.gov.br\/novo\/coronavirus\/wp-json\/wp\/v2\/posts\/786","targetHints":{"allow":["GET"]}}],"collection":[{"href":"https:\/\/www.cardoso.sp.gov.br\/novo\/coronavirus\/wp-json\/wp\/v2\/posts"}],"about":[{"href":"https:\/\/www.cardoso.sp.gov.br\/novo\/coronavirus\/wp-json\/wp\/v2\/types\/post"}],"author":[{"embeddable":true,"href":"https:\/\/www.cardoso.sp.gov.br\/novo\/coronavirus\/wp-json\/wp\/v2\/users\/5"}],"replies":[{"embeddable":true,"href":"https:\/\/www.cardoso.sp.gov.br\/novo\/coronavirus\/wp-json\/wp\/v2\/comments?post=786"}],"version-history":[{"count":1,"href":"https:\/\/www.cardoso.sp.gov.br\/novo\/coronavirus\/wp-json\/wp\/v2\/posts\/786\/revisions"}],"predecessor-version":[{"id":821,"href":"https:\/\/www.cardoso.sp.gov.br\/novo\/coronavirus\/wp-json\/wp\/v2\/posts\/786\/revisions\/821"}],"wp:attachment":[{"href":"https:\/\/www.cardoso.sp.gov.br\/novo\/coronavirus\/wp-json\/wp\/v2\/media?parent=786"}],"wp:term":[{"taxonomy":"category","embeddable":true,"href":"https:\/\/www.cardoso.sp.gov.br\/novo\/coronavirus\/wp-json\/wp\/v2\/categories?post=786"},{"taxonomy":"post_tag","embeddable":true,"href":"https:\/\/www.cardoso.sp.gov.br\/novo\/coronavirus\/wp-json\/wp\/v2\/tags?post=786"}],"curies":[{"name":"wp","href":"https:\/\/api.w.org\/{rel}","templated":true}]}}