{"id":785,"date":"2020-11-23T14:52:16","date_gmt":"2020-11-23T16:52:16","guid":{"rendered":"http:\/\/www.cardoso.sp.gov.br\/novo\/coronavirus\/?p=785"},"modified":"2020-11-23T14:52:16","modified_gmt":"2020-11-23T16:52:16","slug":"ata-de-registro-de-precos-no-010-2020_pregao-015-2020","status":"publish","type":"post","link":"https:\/\/www.cardoso.sp.gov.br\/novo\/coronavirus\/ata-de-registro-de-precos-no-010-2020_pregao-015-2020\/","title":{"rendered":"ATA DE REGISTRO DE PRE\u00c7OS N\u00ba 010-2020_PREG\u00c3O 015-2020"},"content":{"rendered":"<p><strong>ATA DE REGISTRO DE PRE\u00c7OS N\u00ba 010-2020_PREG\u00c3O 015-2020<\/strong><\/p>\n<p><a href=\"http:\/\/www.cardoso.sp.gov.br\/novo\/coronavirus\/wp-content\/uploads\/2020\/11\/01-Quadro-de-Cotacao-2.pdf\">01 &#8211; Quadro de Cota\u00e7\u00e3o<\/a><\/p>\n<p><a href=\"http:\/\/www.cardoso.sp.gov.br\/novo\/coronavirus\/wp-content\/uploads\/2020\/11\/02-EDITAL-2.pdf\">02 &#8211; EDITAL<\/a><\/p>\n<p><a href=\"http:\/\/www.cardoso.sp.gov.br\/novo\/coronavirus\/wp-content\/uploads\/2020\/11\/03-Ata-da-sessao.pdf\">03 &#8211; Ata da sess\u00e3o<\/a><\/p>\n<p><a href=\"http:\/\/www.cardoso.sp.gov.br\/novo\/coronavirus\/wp-content\/uploads\/2020\/11\/04-Homologacao-1.pdf\">04 &#8211; Homologa\u00e7\u00e3o<\/a><\/p>\n<p><a href=\"http:\/\/www.cardoso.sp.gov.br\/novo\/coronavirus\/wp-content\/uploads\/2020\/11\/05-Ata-de-Registro-de-Precos-no-010-2020.pdf\">05 &#8211; Ata de Registro de Pre\u00e7os n\u00ba 010-2020<\/a><\/p>\n<p><strong>EMPENHOS<\/strong><\/p>\n<p><a href=\"http:\/\/www.cardoso.sp.gov.br\/novo\/coronavirus\/wp-content\/uploads\/2020\/11\/Liquidacao-6600-1.pdf\">Liquida\u00e7\u00e3o &#8211; 6600-1<\/a><\/p>\n<p><a href=\"http:\/\/www.cardoso.sp.gov.br\/novo\/coronavirus\/wp-content\/uploads\/2020\/11\/Liquidacao-5513-1.pdf\">Liquida\u00e7\u00e3o &#8211; 5513-1<\/a><\/p>\n<p><a href=\"http:\/\/www.cardoso.sp.gov.br\/novo\/coronavirus\/wp-content\/uploads\/2020\/11\/Subempenho-7032-1.pdf\">Subempenho 7032-1<\/a><\/p>\n<p><a href=\"http:\/\/www.cardoso.sp.gov.br\/novo\/coronavirus\/wp-content\/uploads\/2020\/11\/Subempenho-7032-2.pdf\">Subempenho 7032-2<\/a><\/p>\n","protected":false},"excerpt":{"rendered":"<p>ATA DE REGISTRO DE PRE\u00c7OS N\u00ba 010-2020_PREG\u00c3O 015-2020 01 &#8211; Quadro de Cota\u00e7\u00e3o 02 &#8211; EDITAL 03 &#8211; Ata da sess\u00e3o 04 &#8211; Homologa\u00e7\u00e3o 05 &#8211;<span class=\"excerpt-hellip\"> [\u2026]<\/span><\/p>\n","protected":false},"author":5,"featured_media":0,"comment_status":"closed","ping_status":"closed","sticky":false,"template":"","format":"standard","meta":{"footnotes":""},"categories":[6],"tags":[],"class_list":["post-785","post","type-post","status-publish","format-standard","hentry","category-repasses-e-contratacoes"],"_links":{"self":[{"href":"https:\/\/www.cardoso.sp.gov.br\/novo\/coronavirus\/wp-json\/wp\/v2\/posts\/785","targetHints":{"allow":["GET"]}}],"collection":[{"href":"https:\/\/www.cardoso.sp.gov.br\/novo\/coronavirus\/wp-json\/wp\/v2\/posts"}],"about":[{"href":"https:\/\/www.cardoso.sp.gov.br\/novo\/coronavirus\/wp-json\/wp\/v2\/types\/post"}],"author":[{"embeddable":true,"href":"https:\/\/www.cardoso.sp.gov.br\/novo\/coronavirus\/wp-json\/wp\/v2\/users\/5"}],"replies":[{"embeddable":true,"href":"https:\/\/www.cardoso.sp.gov.br\/novo\/coronavirus\/wp-json\/wp\/v2\/comments?post=785"}],"version-history":[{"count":1,"href":"https:\/\/www.cardoso.sp.gov.br\/novo\/coronavirus\/wp-json\/wp\/v2\/posts\/785\/revisions"}],"predecessor-version":[{"id":796,"href":"https:\/\/www.cardoso.sp.gov.br\/novo\/coronavirus\/wp-json\/wp\/v2\/posts\/785\/revisions\/796"}],"wp:attachment":[{"href":"https:\/\/www.cardoso.sp.gov.br\/novo\/coronavirus\/wp-json\/wp\/v2\/media?parent=785"}],"wp:term":[{"taxonomy":"category","embeddable":true,"href":"https:\/\/www.cardoso.sp.gov.br\/novo\/coronavirus\/wp-json\/wp\/v2\/categories?post=785"},{"taxonomy":"post_tag","embeddable":true,"href":"https:\/\/www.cardoso.sp.gov.br\/novo\/coronavirus\/wp-json\/wp\/v2\/tags?post=785"}],"curies":[{"name":"wp","href":"https:\/\/api.w.org\/{rel}","templated":true}]}}