{"id":771,"date":"2020-11-23T14:46:53","date_gmt":"2020-11-23T16:46:53","guid":{"rendered":"http:\/\/www.cardoso.sp.gov.br\/novo\/coronavirus\/?p=771"},"modified":"2020-11-23T14:46:53","modified_gmt":"2020-11-23T16:46:53","slug":"ata-de-registro-de-precos-no-009-2020_-pregao-014-2020","status":"publish","type":"post","link":"https:\/\/www.cardoso.sp.gov.br\/novo\/coronavirus\/ata-de-registro-de-precos-no-009-2020_-pregao-014-2020\/","title":{"rendered":"ATA DE REGISTRO DE PRE\u00c7OS N\u00ba 009-2020_ PREG\u00c3O 014-2020"},"content":{"rendered":"<p><strong>ATA DE REGISTRO DE PRE\u00c7OS N\u00ba 009-2020_ PREG\u00c3O 014-2020<\/strong><\/p>\n<p><a href=\"http:\/\/www.cardoso.sp.gov.br\/novo\/coronavirus\/wp-content\/uploads\/2020\/11\/01-Quadro-de-Cotacao-1.pdf\">01 &#8211; Quadro de Cota\u00e7\u00e3o<\/a><\/p>\n<p><a href=\"http:\/\/www.cardoso.sp.gov.br\/novo\/coronavirus\/wp-content\/uploads\/2020\/11\/02-EDITAL-PRODUTOS-DE-LIMPEZA-HIGIENE-e-DESCATAVEIS-I.pdf\">02 &#8211; EDITAL &#8211; PRODUTOS DE LIMPEZA, HIGIENE e DESCATAVEIS I<\/a><\/p>\n<p><a href=\"http:\/\/www.cardoso.sp.gov.br\/novo\/coronavirus\/wp-content\/uploads\/2020\/11\/03-Ata-da-Sessao-Pubica.pdf\">03 &#8211; Ata da Sess\u00e3o P\u00fabica<\/a><\/p>\n<p><a href=\"http:\/\/www.cardoso.sp.gov.br\/novo\/coronavirus\/wp-content\/uploads\/2020\/11\/04-Termo-de-Adjudicacao-e-Homologacao.pdf\">04 &#8211; Termo de Adjudica\u00e7\u00e3o e Homologa\u00e7\u00e3o<\/a><\/p>\n<p><a href=\"http:\/\/www.cardoso.sp.gov.br\/novo\/coronavirus\/wp-content\/uploads\/2020\/11\/05-Ata-de-Registro-de-Precos-no-009-2020.pdf\">05 &#8211; Ata de Registro de Pre\u00e7os n\u00ba 009-2020<\/a><\/p>\n<p><strong>EMPENHOS<\/strong><\/p>\n<p><a href=\"http:\/\/www.cardoso.sp.gov.br\/novo\/coronavirus\/wp-content\/uploads\/2020\/11\/Empenho-5499.pdf\">Empenho &#8211; 5499<\/a><\/p>\n<p><a href=\"http:\/\/www.cardoso.sp.gov.br\/novo\/coronavirus\/wp-content\/uploads\/2020\/11\/Subempenho-7029-3.pdf\">Subempenho 7029 -3<\/a><\/p>\n<p><a href=\"http:\/\/www.cardoso.sp.gov.br\/novo\/coronavirus\/wp-content\/uploads\/2020\/11\/Subempenho-7029-1.pdf\">Subempenho 7029-1<\/a><\/p>\n<p><a href=\"http:\/\/www.cardoso.sp.gov.br\/novo\/coronavirus\/wp-content\/uploads\/2020\/11\/Subempenho-7029-2.pdf\">Subempenho 7029-2<\/a><\/p>\n<p><a href=\"http:\/\/www.cardoso.sp.gov.br\/novo\/coronavirus\/wp-content\/uploads\/2020\/11\/Subempenho-7029-4.pdf\">Subempenho 7029-4<\/a><\/p>\n<p><a href=\"http:\/\/www.cardoso.sp.gov.br\/novo\/coronavirus\/wp-content\/uploads\/2020\/11\/Subempenho-7183-2.pdf\">Subempenho 7183-2<\/a><\/p>\n<p><a href=\"http:\/\/www.cardoso.sp.gov.br\/novo\/coronavirus\/wp-content\/uploads\/2020\/11\/Subempeno-7183-1.pdf\">Subempeno 7183-1<\/a><\/p>\n","protected":false},"excerpt":{"rendered":"<p>ATA DE REGISTRO DE PRE\u00c7OS N\u00ba 009-2020_ PREG\u00c3O 014-2020 01 &#8211; Quadro de Cota\u00e7\u00e3o 02 &#8211; EDITAL &#8211; PRODUTOS DE LIMPEZA, HIGIENE e DESCATAVEIS I 03<span class=\"excerpt-hellip\"> [\u2026]<\/span><\/p>\n","protected":false},"author":5,"featured_media":0,"comment_status":"closed","ping_status":"closed","sticky":false,"template":"","format":"standard","meta":{"footnotes":""},"categories":[6],"tags":[],"class_list":["post-771","post","type-post","status-publish","format-standard","hentry","category-repasses-e-contratacoes"],"_links":{"self":[{"href":"https:\/\/www.cardoso.sp.gov.br\/novo\/coronavirus\/wp-json\/wp\/v2\/posts\/771","targetHints":{"allow":["GET"]}}],"collection":[{"href":"https:\/\/www.cardoso.sp.gov.br\/novo\/coronavirus\/wp-json\/wp\/v2\/posts"}],"about":[{"href":"https:\/\/www.cardoso.sp.gov.br\/novo\/coronavirus\/wp-json\/wp\/v2\/types\/post"}],"author":[{"embeddable":true,"href":"https:\/\/www.cardoso.sp.gov.br\/novo\/coronavirus\/wp-json\/wp\/v2\/users\/5"}],"replies":[{"embeddable":true,"href":"https:\/\/www.cardoso.sp.gov.br\/novo\/coronavirus\/wp-json\/wp\/v2\/comments?post=771"}],"version-history":[{"count":1,"href":"https:\/\/www.cardoso.sp.gov.br\/novo\/coronavirus\/wp-json\/wp\/v2\/posts\/771\/revisions"}],"predecessor-version":[{"id":784,"href":"https:\/\/www.cardoso.sp.gov.br\/novo\/coronavirus\/wp-json\/wp\/v2\/posts\/771\/revisions\/784"}],"wp:attachment":[{"href":"https:\/\/www.cardoso.sp.gov.br\/novo\/coronavirus\/wp-json\/wp\/v2\/media?parent=771"}],"wp:term":[{"taxonomy":"category","embeddable":true,"href":"https:\/\/www.cardoso.sp.gov.br\/novo\/coronavirus\/wp-json\/wp\/v2\/categories?post=771"},{"taxonomy":"post_tag","embeddable":true,"href":"https:\/\/www.cardoso.sp.gov.br\/novo\/coronavirus\/wp-json\/wp\/v2\/tags?post=771"}],"curies":[{"name":"wp","href":"https:\/\/api.w.org\/{rel}","templated":true}]}}