{"id":741,"date":"2020-11-23T14:41:46","date_gmt":"2020-11-23T16:41:46","guid":{"rendered":"http:\/\/www.cardoso.sp.gov.br\/novo\/coronavirus\/?p=741"},"modified":"2020-11-23T14:43:19","modified_gmt":"2020-11-23T16:43:19","slug":"ata-de-registro-de-precos-no-008-2020_pregao-009-2020","status":"publish","type":"post","link":"https:\/\/www.cardoso.sp.gov.br\/novo\/coronavirus\/ata-de-registro-de-precos-no-008-2020_pregao-009-2020\/","title":{"rendered":"ATA DE REGISTRO DE PRE\u00c7OS N\u00ba 008-2020_PREG\u00c3O 009-2020"},"content":{"rendered":"<p><strong>ATA DE REGISTRO DE PRE\u00c7OS N\u00ba 008-2020_PREG\u00c3O 009-2020<\/strong><\/p>\n<p><a href=\"http:\/\/www.cardoso.sp.gov.br\/novo\/coronavirus\/wp-content\/uploads\/2020\/11\/01-QUADRO-DE-COTACAO-1.pdf\">01 &#8211; QUADRO DE COTA\u00c7\u00c3O<\/a><\/p>\n<p><a href=\"http:\/\/www.cardoso.sp.gov.br\/novo\/coronavirus\/wp-content\/uploads\/2020\/11\/02-EDITAL-1.pdf\">02 &#8211; EDITAL<\/a><\/p>\n<p><a href=\"http:\/\/www.cardoso.sp.gov.br\/novo\/coronavirus\/wp-content\/uploads\/2020\/11\/03-ATA-DE-SESSAO-PUBLICA-1.pdf\">03 &#8211; ATA DE SESS\u00c3O P\u00daBLICA<\/a><\/p>\n<p><a href=\"http:\/\/www.cardoso.sp.gov.br\/novo\/coronavirus\/wp-content\/uploads\/2020\/11\/04-HOMOLOGACAO-1.pdf\">04 &#8211; HOMOLOGA\u00c7\u00c3O<\/a><\/p>\n<p><a href=\"http:\/\/www.cardoso.sp.gov.br\/novo\/coronavirus\/wp-content\/uploads\/2020\/11\/05-ATA-DE-REGISTRO-DE-PRECOS-No-008-2020-CARNES-E-FRIOS.pdf\">05 &#8211; ATA DE REGISTRO DE PRE\u00c7OS N\u00ba 008-2020 &#8211; CARNES E FRIOS<\/a><\/p>\n<p><strong>EMPENHOS<\/strong><\/p>\n<p><a href=\"http:\/\/www.cardoso.sp.gov.br\/novo\/coronavirus\/wp-content\/uploads\/2020\/11\/Empenho-6749.pdf\">Empenho 6749<\/a><\/p>\n<p><a href=\"http:\/\/www.cardoso.sp.gov.br\/novo\/coronavirus\/wp-content\/uploads\/2020\/11\/Empenho-7254.pdf\">Empenho 7254<\/a><\/p>\n<p><a href=\"http:\/\/www.cardoso.sp.gov.br\/novo\/coronavirus\/wp-content\/uploads\/2020\/11\/Empenho-7386.pdf\">Empenho 7386<\/a><\/p>\n<p><a href=\"http:\/\/www.cardoso.sp.gov.br\/novo\/coronavirus\/wp-content\/uploads\/2020\/11\/Empenho-7511.pdf\">Empenho 7511<\/a><\/p>\n<p><a href=\"http:\/\/www.cardoso.sp.gov.br\/novo\/coronavirus\/wp-content\/uploads\/2020\/11\/Empenho-7924.pdf\">Empenho 7924<\/a><\/p>\n<p><a href=\"http:\/\/www.cardoso.sp.gov.br\/novo\/coronavirus\/wp-content\/uploads\/2020\/11\/Liquidacao-7286-1.pdf\">Liquida\u00e7\u00e3o 7286-1<\/a><\/p>\n","protected":false},"excerpt":{"rendered":"<p>ATA DE REGISTRO DE PRE\u00c7OS N\u00ba 008-2020_PREG\u00c3O 009-2020 01 &#8211; QUADRO DE COTA\u00c7\u00c3O 02 &#8211; EDITAL 03 &#8211; ATA DE SESS\u00c3O P\u00daBLICA 04 &#8211; HOMOLOGA\u00c7\u00c3O 05<span class=\"excerpt-hellip\"> [\u2026]<\/span><\/p>\n","protected":false},"author":5,"featured_media":0,"comment_status":"closed","ping_status":"closed","sticky":false,"template":"","format":"standard","meta":{"footnotes":""},"categories":[6],"tags":[],"class_list":["post-741","post","type-post","status-publish","format-standard","hentry","category-repasses-e-contratacoes"],"_links":{"self":[{"href":"https:\/\/www.cardoso.sp.gov.br\/novo\/coronavirus\/wp-json\/wp\/v2\/posts\/741","targetHints":{"allow":["GET"]}}],"collection":[{"href":"https:\/\/www.cardoso.sp.gov.br\/novo\/coronavirus\/wp-json\/wp\/v2\/posts"}],"about":[{"href":"https:\/\/www.cardoso.sp.gov.br\/novo\/coronavirus\/wp-json\/wp\/v2\/types\/post"}],"author":[{"embeddable":true,"href":"https:\/\/www.cardoso.sp.gov.br\/novo\/coronavirus\/wp-json\/wp\/v2\/users\/5"}],"replies":[{"embeddable":true,"href":"https:\/\/www.cardoso.sp.gov.br\/novo\/coronavirus\/wp-json\/wp\/v2\/comments?post=741"}],"version-history":[{"count":1,"href":"https:\/\/www.cardoso.sp.gov.br\/novo\/coronavirus\/wp-json\/wp\/v2\/posts\/741\/revisions"}],"predecessor-version":[{"id":770,"href":"https:\/\/www.cardoso.sp.gov.br\/novo\/coronavirus\/wp-json\/wp\/v2\/posts\/741\/revisions\/770"}],"wp:attachment":[{"href":"https:\/\/www.cardoso.sp.gov.br\/novo\/coronavirus\/wp-json\/wp\/v2\/media?parent=741"}],"wp:term":[{"taxonomy":"category","embeddable":true,"href":"https:\/\/www.cardoso.sp.gov.br\/novo\/coronavirus\/wp-json\/wp\/v2\/categories?post=741"},{"taxonomy":"post_tag","embeddable":true,"href":"https:\/\/www.cardoso.sp.gov.br\/novo\/coronavirus\/wp-json\/wp\/v2\/tags?post=741"}],"curies":[{"name":"wp","href":"https:\/\/api.w.org\/{rel}","templated":true}]}}