{"id":578,"date":"2020-08-11T14:14:43","date_gmt":"2020-08-11T17:14:43","guid":{"rendered":"http:\/\/www.cardoso.sp.gov.br\/novo\/coronavirus\/?p=578"},"modified":"2020-08-11T14:23:29","modified_gmt":"2020-08-11T17:23:29","slug":"decreto-no-3-511-2020-prorroga-quarentena","status":"publish","type":"post","link":"https:\/\/www.cardoso.sp.gov.br\/novo\/coronavirus\/decreto-no-3-511-2020-prorroga-quarentena\/","title":{"rendered":"DECRETO N\u00ba 3.511-2020 &#8211; PRORROGA QUARENTENA"},"content":{"rendered":"<p><strong>DECRETO N\u00ba 3.511, DE 10 DE AGOSTO DE 2020.<\/strong><\/p>\n<p>PRORROGA O PRAZO DE QUARENTENA FIXADO NO DECRETO MUNICIPAL N\u00b0 3.452, DE 23 DE MAR\u00c7O DE 2020 E SUAS ALTERA\u00c7\u00d5ES POSTERIORES.<\/p>\n<p><a href=\"http:\/\/www.cardoso.sp.gov.br\/novo\/coronavirus\/wp-content\/uploads\/2020\/08\/DECRETO-N\u00ba-3.511-2020-PRORROGA-QUARENTENA-23.08.2020.pdf\">DECRETO N\u00ba 3.511-2020 &#8211; PRORROGA QUARENTENA <\/a><\/p>\n","protected":false},"excerpt":{"rendered":"<p>DECRETO N\u00ba 3.511, DE 10 DE AGOSTO DE 2020. PRORROGA O PRAZO DE QUARENTENA FIXADO NO DECRETO MUNICIPAL N\u00b0 3.452, DE 23 DE MAR\u00c7O DE 2020<span class=\"excerpt-hellip\"> [\u2026]<\/span><\/p>\n","protected":false},"author":5,"featured_media":0,"comment_status":"closed","ping_status":"closed","sticky":false,"template":"","format":"standard","meta":{"footnotes":""},"categories":[5],"tags":[],"class_list":["post-578","post","type-post","status-publish","format-standard","hentry","category-notas-e-decretos"],"_links":{"self":[{"href":"https:\/\/www.cardoso.sp.gov.br\/novo\/coronavirus\/wp-json\/wp\/v2\/posts\/578","targetHints":{"allow":["GET"]}}],"collection":[{"href":"https:\/\/www.cardoso.sp.gov.br\/novo\/coronavirus\/wp-json\/wp\/v2\/posts"}],"about":[{"href":"https:\/\/www.cardoso.sp.gov.br\/novo\/coronavirus\/wp-json\/wp\/v2\/types\/post"}],"author":[{"embeddable":true,"href":"https:\/\/www.cardoso.sp.gov.br\/novo\/coronavirus\/wp-json\/wp\/v2\/users\/5"}],"replies":[{"embeddable":true,"href":"https:\/\/www.cardoso.sp.gov.br\/novo\/coronavirus\/wp-json\/wp\/v2\/comments?post=578"}],"version-history":[{"count":1,"href":"https:\/\/www.cardoso.sp.gov.br\/novo\/coronavirus\/wp-json\/wp\/v2\/posts\/578\/revisions"}],"predecessor-version":[{"id":580,"href":"https:\/\/www.cardoso.sp.gov.br\/novo\/coronavirus\/wp-json\/wp\/v2\/posts\/578\/revisions\/580"}],"wp:attachment":[{"href":"https:\/\/www.cardoso.sp.gov.br\/novo\/coronavirus\/wp-json\/wp\/v2\/media?parent=578"}],"wp:term":[{"taxonomy":"category","embeddable":true,"href":"https:\/\/www.cardoso.sp.gov.br\/novo\/coronavirus\/wp-json\/wp\/v2\/categories?post=578"},{"taxonomy":"post_tag","embeddable":true,"href":"https:\/\/www.cardoso.sp.gov.br\/novo\/coronavirus\/wp-json\/wp\/v2\/tags?post=578"}],"curies":[{"name":"wp","href":"https:\/\/api.w.org\/{rel}","templated":true}]}}