{"id":568,"date":"2020-08-04T16:49:13","date_gmt":"2020-08-04T19:49:13","guid":{"rendered":"http:\/\/www.cardoso.sp.gov.br\/novo\/coronavirus\/?p=568"},"modified":"2020-08-04T16:50:17","modified_gmt":"2020-08-04T19:50:17","slug":"secretaria-municipal-de-saude-divulga-dados-da-evolucao-de-casos-de-coronavirus-no-municipio-de-cardoso-2","status":"publish","type":"post","link":"https:\/\/www.cardoso.sp.gov.br\/novo\/coronavirus\/secretaria-municipal-de-saude-divulga-dados-da-evolucao-de-casos-de-coronavirus-no-municipio-de-cardoso-2\/","title":{"rendered":"SECRETARIA MUNICIPAL DE SA\u00daDE DIVULGA DADOS DA EVOLU\u00c7\u00c3O DE CASOS DE CORONAV\u00cdRUS NO MUNIC\u00cdPIO DE CARDOSO"},"content":{"rendered":"<p><strong>Data: 04 de agosto de 2020<\/strong><\/p>\n<p>A Secretaria Municipal de Sa\u00fade em parceria com o Departamento de Comunica\u00e7\u00e3o, desenvolveu o gr\u00e1fico de evolu\u00e7\u00e3o dos casos de Coronav\u00edrus no Munic\u00edpio de Cardoso. No referido gr\u00e1fico \u00e9 poss\u00edvel acompanhar a linha crescente de casos confirmados atrav\u00e9s da linha azul e de casos curados atrav\u00e9s da linha laranja. Os dados compreendem o per\u00edodo de 01 a 31 de julho de 2020, iniciando o m\u00eas com 21 casos positivos e 12 curados, e finalizando o m\u00eas com 75 casos positivos e 54 curados, um aumento de 54 novos casos positivos e 42 casos curados em 30 dias.<\/p>\n<p><img loading=\"lazy\" decoding=\"async\" class=\"alignnone wp-image-569 size-full\" src=\"http:\/\/www.cardoso.sp.gov.br\/novo\/coronavirus\/wp-content\/uploads\/2020\/08\/Gr\u00e1fico-Mes-07-1024.jpg\" alt=\"\" width=\"1024\" height=\"531\" srcset=\"https:\/\/www.cardoso.sp.gov.br\/novo\/coronavirus\/wp-content\/uploads\/2020\/08\/Gr\u00e1fico-Mes-07-1024.jpg 1024w, https:\/\/www.cardoso.sp.gov.br\/novo\/coronavirus\/wp-content\/uploads\/2020\/08\/Gr\u00e1fico-Mes-07-1024-300x156.jpg 300w, https:\/\/www.cardoso.sp.gov.br\/novo\/coronavirus\/wp-content\/uploads\/2020\/08\/Gr\u00e1fico-Mes-07-1024-768x398.jpg 768w, https:\/\/www.cardoso.sp.gov.br\/novo\/coronavirus\/wp-content\/uploads\/2020\/08\/Gr\u00e1fico-Mes-07-1024-260x135.jpg 260w, https:\/\/www.cardoso.sp.gov.br\/novo\/coronavirus\/wp-content\/uploads\/2020\/08\/Gr\u00e1fico-Mes-07-1024-50x26.jpg 50w, https:\/\/www.cardoso.sp.gov.br\/novo\/coronavirus\/wp-content\/uploads\/2020\/08\/Gr\u00e1fico-Mes-07-1024-145x75.jpg 145w\" sizes=\"auto, (max-width: 1024px) 100vw, 1024px\" \/><\/p>\n<p>Fonte da Not\u00edcia: <a href=\"http:\/\/www.cardoso.sp.gov.br\/novo\/noticias\/secretaria-municipal-de-saude-divulga-dados-da-evolucao-de-casos-de-coronavirus-no-municipio-de-cardoso-2\/\"><strong>Portal do Munic\u00edpio de Cardoso<\/strong><\/a><\/p>\n","protected":false},"excerpt":{"rendered":"<p>Data: 04 de agosto de 2020 A Secretaria Municipal de Sa\u00fade em parceria com o Departamento de Comunica\u00e7\u00e3o, desenvolveu o gr\u00e1fico de evolu\u00e7\u00e3o dos casos de<span class=\"excerpt-hellip\"> [\u2026]<\/span><\/p>\n","protected":false},"author":5,"featured_media":560,"comment_status":"closed","ping_status":"closed","sticky":false,"template":"","format":"standard","meta":{"footnotes":""},"categories":[1],"tags":[],"class_list":["post-568","post","type-post","status-publish","format-standard","has-post-thumbnail","hentry","category-noticias"],"_links":{"self":[{"href":"https:\/\/www.cardoso.sp.gov.br\/novo\/coronavirus\/wp-json\/wp\/v2\/posts\/568","targetHints":{"allow":["GET"]}}],"collection":[{"href":"https:\/\/www.cardoso.sp.gov.br\/novo\/coronavirus\/wp-json\/wp\/v2\/posts"}],"about":[{"href":"https:\/\/www.cardoso.sp.gov.br\/novo\/coronavirus\/wp-json\/wp\/v2\/types\/post"}],"author":[{"embeddable":true,"href":"https:\/\/www.cardoso.sp.gov.br\/novo\/coronavirus\/wp-json\/wp\/v2\/users\/5"}],"replies":[{"embeddable":true,"href":"https:\/\/www.cardoso.sp.gov.br\/novo\/coronavirus\/wp-json\/wp\/v2\/comments?post=568"}],"version-history":[{"count":1,"href":"https:\/\/www.cardoso.sp.gov.br\/novo\/coronavirus\/wp-json\/wp\/v2\/posts\/568\/revisions"}],"predecessor-version":[{"id":570,"href":"https:\/\/www.cardoso.sp.gov.br\/novo\/coronavirus\/wp-json\/wp\/v2\/posts\/568\/revisions\/570"}],"wp:featuredmedia":[{"embeddable":true,"href":"https:\/\/www.cardoso.sp.gov.br\/novo\/coronavirus\/wp-json\/wp\/v2\/media\/560"}],"wp:attachment":[{"href":"https:\/\/www.cardoso.sp.gov.br\/novo\/coronavirus\/wp-json\/wp\/v2\/media?parent=568"}],"wp:term":[{"taxonomy":"category","embeddable":true,"href":"https:\/\/www.cardoso.sp.gov.br\/novo\/coronavirus\/wp-json\/wp\/v2\/categories?post=568"},{"taxonomy":"post_tag","embeddable":true,"href":"https:\/\/www.cardoso.sp.gov.br\/novo\/coronavirus\/wp-json\/wp\/v2\/tags?post=568"}],"curies":[{"name":"wp","href":"https:\/\/api.w.org\/{rel}","templated":true}]}}