{"id":557,"date":"2020-07-31T23:43:44","date_gmt":"2020-08-01T02:43:44","guid":{"rendered":"http:\/\/www.cardoso.sp.gov.br\/novo\/coronavirus\/?p=557"},"modified":"2020-07-31T23:44:24","modified_gmt":"2020-08-01T02:44:24","slug":"secretaria-de-saude-divulga-balanco-semanal-de-casos-da-covid-19-no-municipio-distribuidos-por-unidade-de-saude-sexo-e-idade","status":"publish","type":"post","link":"https:\/\/www.cardoso.sp.gov.br\/novo\/coronavirus\/secretaria-de-saude-divulga-balanco-semanal-de-casos-da-covid-19-no-municipio-distribuidos-por-unidade-de-saude-sexo-e-idade\/","title":{"rendered":"SECRETARIA DE SA\u00daDE DIVULGA BALAN\u00c7O SEMANAL DE CASOS DA COVID-19 NO MUNIC\u00cdPIO DISTRIBU\u00cdDOS POR UNIDADE DE SA\u00daDE, SEXO E IDADE"},"content":{"rendered":"<p><strong>Data: 31 de julho de 2020<\/strong><\/p>\n<p>A Secretaria Municipal de Sa\u00fade divulgou hoje o balan\u00e7o semanal dos casos no munic\u00edpio, dividido por unidades de sa\u00fade, sexo e idade sendo:<\/p>\n<p><strong>DIVIS\u00c3O POR UNIDADE DE SA\u00daDE<\/strong><\/p>\n<table width=\"0\">\n<tbody>\n<tr>\n<td width=\"189\"><strong>UNIDADE DE SA\u00daDE<\/strong><\/td>\n<td width=\"164\">\n<p style=\"text-align: center;\"><strong>INFECTADOS<\/strong><\/p>\n<\/td>\n<td style=\"text-align: center;\" width=\"183\"><strong>CURADOS<\/strong><\/td>\n<td width=\"183\">\n<p style=\"text-align: center;\"><strong>\u00d3BITOS<\/strong><\/p>\n<\/td>\n<\/tr>\n<tr>\n<td width=\"189\"><strong>VILA URIAS<\/strong><\/td>\n<td width=\"164\">\n<p style=\"text-align: center;\"><strong>17<\/strong><\/p>\n<\/td>\n<td style=\"text-align: center;\" width=\"183\">\n<p style=\"text-align: center;\"><strong>15<\/strong><\/p>\n<\/td>\n<td width=\"183\">\n<p style=\"text-align: center;\"><strong>00<\/strong><\/p>\n<\/td>\n<\/tr>\n<tr>\n<td width=\"189\">VILA PROGRESSO<\/td>\n<td width=\"164\">\n<p style=\"text-align: center;\">18<\/p>\n<\/td>\n<td style=\"text-align: center;\" width=\"183\">13<\/td>\n<td width=\"183\">\n<p style=\"text-align: center;\">02<\/p>\n<\/td>\n<\/tr>\n<tr>\n<td width=\"189\"><strong>SANTOS REIS<\/strong><\/td>\n<td width=\"164\">\n<p style=\"text-align: center;\"><strong>04<\/strong><\/p>\n<\/td>\n<td style=\"text-align: center;\" width=\"183\"><strong>03<\/strong><\/td>\n<td width=\"183\">\n<p style=\"text-align: center;\"><strong>00<\/strong><\/p>\n<\/td>\n<\/tr>\n<tr>\n<td width=\"189\">VILA ALVES<\/td>\n<td width=\"164\">\n<p style=\"text-align: center;\">05<\/p>\n<\/td>\n<td style=\"text-align: center;\" width=\"183\">04<\/td>\n<td width=\"183\">\n<p style=\"text-align: center;\">01<\/p>\n<\/td>\n<\/tr>\n<tr>\n<td width=\"189\"><strong>CENTRO DE SA\u00daDE<\/strong><\/td>\n<td width=\"164\">\n<p style=\"text-align: center;\"><strong>28<\/strong><\/p>\n<\/td>\n<td style=\"text-align: center;\" width=\"183\"><strong>16<\/strong><\/td>\n<td width=\"183\">\n<p style=\"text-align: center;\"><strong>01<\/strong><\/p>\n<\/td>\n<\/tr>\n<tr>\n<td width=\"189\">S. J. DO MARINHEIRO<\/td>\n<td width=\"164\">\n<p style=\"text-align: center;\">03<\/p>\n<\/td>\n<td style=\"text-align: center;\" width=\"183\">03<\/td>\n<td width=\"183\">\n<p style=\"text-align: center;\">00<\/p>\n<\/td>\n<\/tr>\n<\/tbody>\n<\/table>\n<p>Totalizando: 75 casos positivos, 54 casos curados e 04 \u00f3bitos.<\/p>\n<p><strong>DIVIS\u00c3O POR IDADE E SEXO<\/strong><\/p>\n<table>\n<tbody>\n<tr>\n<td width=\"235\"><strong>IDADE<\/strong><\/td>\n<td width=\"236\">\n<p style=\"text-align: center;\"><strong>MASCULINO<\/strong><\/p>\n<\/td>\n<td width=\"236\">\n<p style=\"text-align: center;\"><strong>FEMININO<\/strong><\/p>\n<\/td>\n<\/tr>\n<tr>\n<td width=\"235\"><strong>De 0 a 29 anos<\/strong><\/td>\n<td width=\"236\">\n<p style=\"text-align: center;\"><strong>07<\/strong><\/p>\n<\/td>\n<td width=\"236\">\n<p style=\"text-align: center;\"><strong>07<\/strong><\/p>\n<\/td>\n<\/tr>\n<tr>\n<td width=\"235\">De 30 a 39 anos<\/td>\n<td width=\"236\">\n<p style=\"text-align: center;\">03<\/p>\n<\/td>\n<td width=\"236\">\n<p style=\"text-align: center;\">11<\/p>\n<\/td>\n<\/tr>\n<tr>\n<td width=\"235\"><strong>De 40 a 49 anos<\/strong><\/td>\n<td width=\"236\">\n<p style=\"text-align: center;\"><strong>07<\/strong><\/p>\n<\/td>\n<td width=\"236\">\n<p style=\"text-align: center;\"><strong>09<\/strong><\/p>\n<\/td>\n<\/tr>\n<tr>\n<td width=\"235\">De 50 a 59 anos<\/td>\n<td width=\"236\">\n<p style=\"text-align: center;\">03<\/p>\n<\/td>\n<td width=\"236\">\n<p style=\"text-align: center;\">05<\/p>\n<\/td>\n<\/tr>\n<tr>\n<td width=\"235\"><strong>De 60 a 69 anos<\/strong><\/td>\n<td width=\"236\">\n<p style=\"text-align: center;\"><strong>04<\/strong><\/p>\n<\/td>\n<td width=\"236\">\n<p style=\"text-align: center;\"><strong>08<\/strong><\/p>\n<\/td>\n<\/tr>\n<tr>\n<td width=\"235\">De 70 a 79 anos<\/td>\n<td width=\"236\">\n<p style=\"text-align: center;\">03<\/p>\n<\/td>\n<td width=\"236\">\n<p style=\"text-align: center;\">04<\/p>\n<\/td>\n<\/tr>\n<tr>\n<td width=\"235\"><strong>De 80 a 89 anos<\/strong><\/td>\n<td width=\"236\">\n<p style=\"text-align: center;\"><strong>01<\/strong><\/p>\n<\/td>\n<td width=\"236\">\n<p style=\"text-align: center;\"><strong>01<\/strong><\/p>\n<\/td>\n<\/tr>\n<tr>\n<td width=\"235\">De 90 acima anos<\/td>\n<td width=\"236\">\n<p style=\"text-align: center;\">01<\/p>\n<\/td>\n<td width=\"236\">\n<p style=\"text-align: center;\">01<\/p>\n<\/td>\n<\/tr>\n<\/tbody>\n<\/table>\n<p>Totalizando: 29 casos masculinos e 46 casos femininos.<\/p>\n\n\t\t\t<style type='text\/css'>\n\t\t\t\t#sc_gallery-1 {\n\t\t\t\t\tmargin: auto;\n\t\t\t\t}\n\t\t\t\t#sc_gallery-1 .gallery-item {\n\t\t\t\t\tfloat: left;\n\t\t\t\t\tmargin-top: 10px;\n\t\t\t\t\ttext-align: center;\n\t\t\t\t\twidth: 33.33%;\n\t\t\t\t}\n\t\t\t\t#sc_gallery-1 img {\n\t\t\t\t\tborder: 2px solid #cfcfcf;\n\t\t\t\t}\n\t\t\t\t#sc_gallery-1 .gallery-caption {\n\t\t\t\t\tmargin-left: 0;\n\t\t\t\t}\n\t\t\t\t\/* see sc_gallery() in functions\/theme-shortcodes.php *\/\n\t\t\t<\/style>\n\t\t<div id='sc_gallery-1' class='gallery galleryid-557 gallery-columns-3 gallery-size-thumbnail '><dl class='gallery-item'>\n\t\t\t\t<dt class='gallery-icon landscape'>\n\t\t\t\t\t<a href='https:\/\/www.cardoso.sp.gov.br\/novo\/coronavirus\/secretaria-de-saude-divulga-balanco-semanal-de-casos-da-covid-19-no-municipio-distribuidos-por-unidade-de-saude-sexo-e-idade\/grafico-por-area-31-07\/'><img loading=\"lazy\" decoding=\"async\" width=\"150\" height=\"150\" src=\"https:\/\/www.cardoso.sp.gov.br\/novo\/coronavirus\/wp-content\/uploads\/2020\/07\/GRAFICO-POR-\u00c1REA-31.07-150x150.jpg\" class=\"attachment-thumbnail size-thumbnail\" alt=\"\" srcset=\"https:\/\/www.cardoso.sp.gov.br\/novo\/coronavirus\/wp-content\/uploads\/2020\/07\/GRAFICO-POR-\u00c1REA-31.07-150x150.jpg 150w, https:\/\/www.cardoso.sp.gov.br\/novo\/coronavirus\/wp-content\/uploads\/2020\/07\/GRAFICO-POR-\u00c1REA-31.07-85x85.jpg 85w, https:\/\/www.cardoso.sp.gov.br\/novo\/coronavirus\/wp-content\/uploads\/2020\/07\/GRAFICO-POR-\u00c1REA-31.07-80x80.jpg 80w\" sizes=\"auto, (max-width: 150px) 100vw, 150px\" \/><\/a>\n\t\t\t\t<\/dt><\/dl><dl class='gallery-item'>\n\t\t\t\t<dt class='gallery-icon landscape'>\n\t\t\t\t\t<a href='https:\/\/www.cardoso.sp.gov.br\/novo\/coronavirus\/secretaria-de-saude-divulga-balanco-semanal-de-casos-da-covid-19-no-municipio-distribuidos-por-unidade-de-saude-sexo-e-idade\/grafico-por-sexo-idade-31-07\/'><img loading=\"lazy\" decoding=\"async\" width=\"150\" height=\"150\" src=\"https:\/\/www.cardoso.sp.gov.br\/novo\/coronavirus\/wp-content\/uploads\/2020\/07\/GRAFICO-POR-SEXO-IDADE-31.07-150x150.jpg\" class=\"attachment-thumbnail size-thumbnail\" alt=\"\" srcset=\"https:\/\/www.cardoso.sp.gov.br\/novo\/coronavirus\/wp-content\/uploads\/2020\/07\/GRAFICO-POR-SEXO-IDADE-31.07-150x150.jpg 150w, https:\/\/www.cardoso.sp.gov.br\/novo\/coronavirus\/wp-content\/uploads\/2020\/07\/GRAFICO-POR-SEXO-IDADE-31.07-85x85.jpg 85w, https:\/\/www.cardoso.sp.gov.br\/novo\/coronavirus\/wp-content\/uploads\/2020\/07\/GRAFICO-POR-SEXO-IDADE-31.07-80x80.jpg 80w\" sizes=\"auto, (max-width: 150px) 100vw, 150px\" \/><\/a>\n\t\t\t\t<\/dt><\/dl>\n\t\t\t\t<br style='clear: both' \/>\n\t\t\t<\/div>\n\n<p>&nbsp;<\/p>\n<p>Fonte da Not\u00edcia: <a href=\"http:\/\/www.cardoso.sp.gov.br\/novo\/noticias\/secretaria-de-saude-divulga-balanco-semanal-de-casos-da-covid-19-no-municipio-distribuidos-por-unidade-de-saude-sexo-e-idade\/\"><strong>Portal do Munic\u00edpio de Cardoso<\/strong><\/a><\/p>\n","protected":false},"excerpt":{"rendered":"<p>Data: 31 de julho de 2020 A Secretaria Municipal de Sa\u00fade divulgou hoje o balan\u00e7o semanal dos casos no munic\u00edpio, dividido por unidades de sa\u00fade, sexo<span class=\"excerpt-hellip\"> [\u2026]<\/span><\/p>\n","protected":false},"author":5,"featured_media":560,"comment_status":"closed","ping_status":"closed","sticky":false,"template":"","format":"standard","meta":{"footnotes":""},"categories":[1],"tags":[],"class_list":["post-557","post","type-post","status-publish","format-standard","has-post-thumbnail","hentry","category-noticias"],"_links":{"self":[{"href":"https:\/\/www.cardoso.sp.gov.br\/novo\/coronavirus\/wp-json\/wp\/v2\/posts\/557","targetHints":{"allow":["GET"]}}],"collection":[{"href":"https:\/\/www.cardoso.sp.gov.br\/novo\/coronavirus\/wp-json\/wp\/v2\/posts"}],"about":[{"href":"https:\/\/www.cardoso.sp.gov.br\/novo\/coronavirus\/wp-json\/wp\/v2\/types\/post"}],"author":[{"embeddable":true,"href":"https:\/\/www.cardoso.sp.gov.br\/novo\/coronavirus\/wp-json\/wp\/v2\/users\/5"}],"replies":[{"embeddable":true,"href":"https:\/\/www.cardoso.sp.gov.br\/novo\/coronavirus\/wp-json\/wp\/v2\/comments?post=557"}],"version-history":[{"count":2,"href":"https:\/\/www.cardoso.sp.gov.br\/novo\/coronavirus\/wp-json\/wp\/v2\/posts\/557\/revisions"}],"predecessor-version":[{"id":562,"href":"https:\/\/www.cardoso.sp.gov.br\/novo\/coronavirus\/wp-json\/wp\/v2\/posts\/557\/revisions\/562"}],"wp:featuredmedia":[{"embeddable":true,"href":"https:\/\/www.cardoso.sp.gov.br\/novo\/coronavirus\/wp-json\/wp\/v2\/media\/560"}],"wp:attachment":[{"href":"https:\/\/www.cardoso.sp.gov.br\/novo\/coronavirus\/wp-json\/wp\/v2\/media?parent=557"}],"wp:term":[{"taxonomy":"category","embeddable":true,"href":"https:\/\/www.cardoso.sp.gov.br\/novo\/coronavirus\/wp-json\/wp\/v2\/categories?post=557"},{"taxonomy":"post_tag","embeddable":true,"href":"https:\/\/www.cardoso.sp.gov.br\/novo\/coronavirus\/wp-json\/wp\/v2\/tags?post=557"}],"curies":[{"name":"wp","href":"https:\/\/api.w.org\/{rel}","templated":true}]}}