{"id":552,"date":"2020-07-31T18:02:07","date_gmt":"2020-07-31T21:02:07","guid":{"rendered":"http:\/\/www.cardoso.sp.gov.br\/novo\/coronavirus\/?p=552"},"modified":"2020-07-31T18:05:48","modified_gmt":"2020-07-31T21:05:48","slug":"decreto-no-3-508-2020-prorroga-quarentena-e-da-outras-providencias","status":"publish","type":"post","link":"https:\/\/www.cardoso.sp.gov.br\/novo\/coronavirus\/decreto-no-3-508-2020-prorroga-quarentena-e-da-outras-providencias\/","title":{"rendered":"DECRETO N\u00ba 3.508-2020 &#8211; PRORROGA QUARENTENA E D\u00c1 OUTRAS PROVIDENCIAS"},"content":{"rendered":"<p><strong>DECRETO N\u00ba 3.508, DE 31 DE JULHO DE 2020.<\/strong><\/p>\n<p>PRORROGA O PRAZO DE QUARENTENA FIXADO NO DECRETO MUNICIPAL N\u00b0 3.452, DE 23 DE MAR\u00c7O DE 2020 E SUAS ALTERA\u00c7\u00d5ES POSTERIORES E D\u00c1 OUTRAS PROVID\u00caNCIAS.<\/p>\n<p><a href=\"http:\/\/www.cardoso.sp.gov.br\/novo\/coronavirus\/wp-content\/uploads\/2020\/07\/DECRETO-N\u00ba-3.508-2020-PRORROGA-QUARENTENA-E-D\u00c1-OUTRAS-PROVIDENCIAS.pdf\">DECRETO N\u00ba 3.508-2020 &#8211; PRORROGA QUARENTENA E D\u00c1 OUTRAS PROVIDENCIAS<\/a><\/p>\n","protected":false},"excerpt":{"rendered":"<p>DECRETO N\u00ba 3.508, DE 31 DE JULHO DE 2020. PRORROGA O PRAZO DE QUARENTENA FIXADO NO DECRETO MUNICIPAL N\u00b0 3.452, DE 23 DE MAR\u00c7O DE 2020<span class=\"excerpt-hellip\"> [\u2026]<\/span><\/p>\n","protected":false},"author":5,"featured_media":0,"comment_status":"closed","ping_status":"closed","sticky":false,"template":"","format":"standard","meta":{"footnotes":""},"categories":[5],"tags":[],"class_list":["post-552","post","type-post","status-publish","format-standard","hentry","category-notas-e-decretos"],"_links":{"self":[{"href":"https:\/\/www.cardoso.sp.gov.br\/novo\/coronavirus\/wp-json\/wp\/v2\/posts\/552","targetHints":{"allow":["GET"]}}],"collection":[{"href":"https:\/\/www.cardoso.sp.gov.br\/novo\/coronavirus\/wp-json\/wp\/v2\/posts"}],"about":[{"href":"https:\/\/www.cardoso.sp.gov.br\/novo\/coronavirus\/wp-json\/wp\/v2\/types\/post"}],"author":[{"embeddable":true,"href":"https:\/\/www.cardoso.sp.gov.br\/novo\/coronavirus\/wp-json\/wp\/v2\/users\/5"}],"replies":[{"embeddable":true,"href":"https:\/\/www.cardoso.sp.gov.br\/novo\/coronavirus\/wp-json\/wp\/v2\/comments?post=552"}],"version-history":[{"count":2,"href":"https:\/\/www.cardoso.sp.gov.br\/novo\/coronavirus\/wp-json\/wp\/v2\/posts\/552\/revisions"}],"predecessor-version":[{"id":555,"href":"https:\/\/www.cardoso.sp.gov.br\/novo\/coronavirus\/wp-json\/wp\/v2\/posts\/552\/revisions\/555"}],"wp:attachment":[{"href":"https:\/\/www.cardoso.sp.gov.br\/novo\/coronavirus\/wp-json\/wp\/v2\/media?parent=552"}],"wp:term":[{"taxonomy":"category","embeddable":true,"href":"https:\/\/www.cardoso.sp.gov.br\/novo\/coronavirus\/wp-json\/wp\/v2\/categories?post=552"},{"taxonomy":"post_tag","embeddable":true,"href":"https:\/\/www.cardoso.sp.gov.br\/novo\/coronavirus\/wp-json\/wp\/v2\/tags?post=552"}],"curies":[{"name":"wp","href":"https:\/\/api.w.org\/{rel}","templated":true}]}}