{"id":540,"date":"2020-07-24T18:51:37","date_gmt":"2020-07-24T21:51:37","guid":{"rendered":"http:\/\/www.cardoso.sp.gov.br\/novo\/coronavirus\/?p=540"},"modified":"2020-07-24T18:52:15","modified_gmt":"2020-07-24T21:52:15","slug":"secretaria-de-saude-divulga-balanco-semanal-de-casos-da-covid-19-no-municipio-distribuidos-por-unidade-de-saude","status":"publish","type":"post","link":"https:\/\/www.cardoso.sp.gov.br\/novo\/coronavirus\/secretaria-de-saude-divulga-balanco-semanal-de-casos-da-covid-19-no-municipio-distribuidos-por-unidade-de-saude\/","title":{"rendered":"SECRETARIA DE SA\u00daDE DIVULGA BALAN\u00c7O SEMANAL DE CASOS DA COVID-19 NO MUNIC\u00cdPIO DISTRIBU\u00cdDOS POR UNIDADE DE SA\u00daDE"},"content":{"rendered":"<p><strong>Data: 24 de julho de 2020<\/strong><\/p>\n<p>A Secretaria Municipal de Sa\u00fade divulgou hoje o balan\u00e7o semanal dos casos no munic\u00edpio, dividido por unidades de sa\u00fade sendo:<\/p>\n<table width=\"0\">\n<tbody>\n<tr>\n<td width=\"189\"><strong>UNIDADE DE SA\u00daDE<\/strong><\/td>\n<td width=\"164\">\n<p style=\"text-align: center;\"><strong>INFECTADOS<\/strong><\/p>\n<\/td>\n<td width=\"183\">\n<p style=\"text-align: center;\"><strong>CURADOS<\/strong><\/p>\n<\/td>\n<td width=\"183\">\n<p style=\"text-align: center;\"><strong>\u00d3BITOS<\/strong><\/p>\n<\/td>\n<\/tr>\n<tr>\n<td width=\"189\">VILA URIAS<\/td>\n<td width=\"164\">\n<p style=\"text-align: center;\">13<\/p>\n<\/td>\n<td width=\"183\">\n<p style=\"text-align: center;\">12<\/p>\n<\/td>\n<td width=\"183\">00<\/td>\n<\/tr>\n<tr>\n<td width=\"189\"><strong>VILA PROGRESSO<\/strong><\/td>\n<td width=\"164\">\n<p style=\"text-align: center;\"><strong>14<\/strong><\/p>\n<\/td>\n<td width=\"183\">\n<p style=\"text-align: center;\"><strong>10<\/strong><\/p>\n<\/td>\n<td width=\"183\">\n<p style=\"text-align: center;\"><strong>02<\/strong><\/p>\n<\/td>\n<\/tr>\n<tr>\n<td width=\"189\">SANTOS REIS<\/td>\n<td width=\"164\">\n<p style=\"text-align: center;\">03<\/p>\n<\/td>\n<td width=\"183\">\n<p style=\"text-align: center;\">00<\/p>\n<\/td>\n<td width=\"183\">00<\/td>\n<\/tr>\n<tr>\n<td width=\"189\"><strong>VILA ALVES<\/strong><\/td>\n<td width=\"164\">\n<p style=\"text-align: center;\"><strong>05<\/strong><\/p>\n<\/td>\n<td width=\"183\">\n<p style=\"text-align: center;\"><strong>04<\/strong><\/p>\n<\/td>\n<td width=\"183\">\n<p style=\"text-align: center;\"><strong>01<\/strong><\/p>\n<\/td>\n<\/tr>\n<tr>\n<td width=\"189\">CENTRO DE SA\u00daDE<\/td>\n<td width=\"164\">\n<p style=\"text-align: center;\">19<\/p>\n<\/td>\n<td width=\"183\">\n<p style=\"text-align: center;\">09<\/p>\n<\/td>\n<td width=\"183\">\n<p style=\"text-align: center;\">01<\/p>\n<\/td>\n<\/tr>\n<tr>\n<td width=\"189\"><strong>S. J. DO MARINHEIRO<\/strong><\/td>\n<td width=\"164\">\n<p style=\"text-align: center;\"><strong>03<\/strong><\/p>\n<\/td>\n<td width=\"183\">\n<p style=\"text-align: center;\"><strong>03<\/strong><\/p>\n<\/td>\n<td width=\"183\">\n<p style=\"text-align: center;\"><strong>00<\/strong><\/p>\n<\/td>\n<\/tr>\n<\/tbody>\n<\/table>\n<p>Totalizando: 57 casos positivos, 38 casos curados e 04 \u00f3bitos.<\/p>\n<p><img loading=\"lazy\" decoding=\"async\" class=\"alignnone wp-image-541 size-full\" src=\"http:\/\/www.cardoso.sp.gov.br\/novo\/coronavirus\/wp-content\/uploads\/2020\/07\/DE-17-A-24.07.2020.jpg\" alt=\"\" width=\"1024\" height=\"607\" srcset=\"https:\/\/www.cardoso.sp.gov.br\/novo\/coronavirus\/wp-content\/uploads\/2020\/07\/DE-17-A-24.07.2020.jpg 1024w, https:\/\/www.cardoso.sp.gov.br\/novo\/coronavirus\/wp-content\/uploads\/2020\/07\/DE-17-A-24.07.2020-300x178.jpg 300w, https:\/\/www.cardoso.sp.gov.br\/novo\/coronavirus\/wp-content\/uploads\/2020\/07\/DE-17-A-24.07.2020-768x455.jpg 768w, https:\/\/www.cardoso.sp.gov.br\/novo\/coronavirus\/wp-content\/uploads\/2020\/07\/DE-17-A-24.07.2020-246x146.jpg 246w, https:\/\/www.cardoso.sp.gov.br\/novo\/coronavirus\/wp-content\/uploads\/2020\/07\/DE-17-A-24.07.2020-50x30.jpg 50w, https:\/\/www.cardoso.sp.gov.br\/novo\/coronavirus\/wp-content\/uploads\/2020\/07\/DE-17-A-24.07.2020-127x75.jpg 127w\" sizes=\"auto, (max-width: 1024px) 100vw, 1024px\" \/><\/p>\n<p>Fonte da Not\u00edcia: <a href=\"http:\/\/www.cardoso.sp.gov.br\/novo\/noticias\/secretaria-de-saude-divulga-balanco-semanal-de-casos-da-covid-19-no-municipio-distribuidos-por-unidade-de-saude\/\"><strong>Portal do Munic\u00edpio de Cardoso<\/strong><\/a><\/p>\n","protected":false},"excerpt":{"rendered":"<p>Data: 24 de julho de 2020 A Secretaria Municipal de Sa\u00fade divulgou hoje o balan\u00e7o semanal dos casos no munic\u00edpio, dividido por unidades de sa\u00fade sendo:<span class=\"excerpt-hellip\"> [\u2026]<\/span><\/p>\n","protected":false},"author":5,"featured_media":541,"comment_status":"closed","ping_status":"closed","sticky":false,"template":"","format":"standard","meta":{"footnotes":""},"categories":[1],"tags":[],"class_list":["post-540","post","type-post","status-publish","format-standard","has-post-thumbnail","hentry","category-noticias"],"_links":{"self":[{"href":"https:\/\/www.cardoso.sp.gov.br\/novo\/coronavirus\/wp-json\/wp\/v2\/posts\/540","targetHints":{"allow":["GET"]}}],"collection":[{"href":"https:\/\/www.cardoso.sp.gov.br\/novo\/coronavirus\/wp-json\/wp\/v2\/posts"}],"about":[{"href":"https:\/\/www.cardoso.sp.gov.br\/novo\/coronavirus\/wp-json\/wp\/v2\/types\/post"}],"author":[{"embeddable":true,"href":"https:\/\/www.cardoso.sp.gov.br\/novo\/coronavirus\/wp-json\/wp\/v2\/users\/5"}],"replies":[{"embeddable":true,"href":"https:\/\/www.cardoso.sp.gov.br\/novo\/coronavirus\/wp-json\/wp\/v2\/comments?post=540"}],"version-history":[{"count":3,"href":"https:\/\/www.cardoso.sp.gov.br\/novo\/coronavirus\/wp-json\/wp\/v2\/posts\/540\/revisions"}],"predecessor-version":[{"id":544,"href":"https:\/\/www.cardoso.sp.gov.br\/novo\/coronavirus\/wp-json\/wp\/v2\/posts\/540\/revisions\/544"}],"wp:featuredmedia":[{"embeddable":true,"href":"https:\/\/www.cardoso.sp.gov.br\/novo\/coronavirus\/wp-json\/wp\/v2\/media\/541"}],"wp:attachment":[{"href":"https:\/\/www.cardoso.sp.gov.br\/novo\/coronavirus\/wp-json\/wp\/v2\/media?parent=540"}],"wp:term":[{"taxonomy":"category","embeddable":true,"href":"https:\/\/www.cardoso.sp.gov.br\/novo\/coronavirus\/wp-json\/wp\/v2\/categories?post=540"},{"taxonomy":"post_tag","embeddable":true,"href":"https:\/\/www.cardoso.sp.gov.br\/novo\/coronavirus\/wp-json\/wp\/v2\/tags?post=540"}],"curies":[{"name":"wp","href":"https:\/\/api.w.org\/{rel}","templated":true}]}}