{"id":526,"date":"2020-07-23T08:48:07","date_gmt":"2020-07-23T11:48:07","guid":{"rendered":"http:\/\/www.cardoso.sp.gov.br\/novo\/coronavirus\/?p=526"},"modified":"2022-01-04T10:18:54","modified_gmt":"2022-01-04T12:18:54","slug":"termo-de-colaboracao-no-002-2020-lar-sao-vicente-de-paulo","status":"publish","type":"post","link":"https:\/\/www.cardoso.sp.gov.br\/novo\/coronavirus\/termo-de-colaboracao-no-002-2020-lar-sao-vicente-de-paulo\/","title":{"rendered":"TERMO DE COLABORA\u00c7\u00c3O N\u00ba 002\/2020 &#8211; LAR S\u00c3O VICENTE DE PAULO"},"content":{"rendered":"<p><strong>TERMO DE COLABORA\u00c7\u00c3O QUE ENTRE SI CELEBRAM O MUNIC\u00cdPIO DE CARDOSO E O \u201cLAR S\u00c3O VICENTE DE PAULO\u201d.<\/strong><\/p>\n<p><a href=\"http:\/\/www.cardoso.sp.gov.br\/novo\/coronavirus\/wp-content\/uploads\/2020\/07\/01-PARECER-COMISS\u00c3O.pdf\">01 &#8211; PARECER COMISS\u00c3O<\/a><\/p>\n<p><a href=\"http:\/\/www.cardoso.sp.gov.br\/novo\/coronavirus\/wp-content\/uploads\/2020\/07\/02-CREDENCIAMENTO_LAR-S\u00c3O-VICENTE.pdf\">02 &#8211; CREDENCIAMENTO_LAR S\u00c3O VICENTE<\/a><\/p>\n<p><a href=\"http:\/\/www.cardoso.sp.gov.br\/novo\/coronavirus\/wp-content\/uploads\/2020\/07\/03-RATIFICA\u00c7\u00c3O_EXTRATO.JUSTIFICATIVA.pdf\">03 &#8211; RATIFICA\u00c7\u00c3O_EXTRATO.JUSTIFICATIVA<\/a><\/p>\n<p><a href=\"http:\/\/www.cardoso.sp.gov.br\/novo\/coronavirus\/wp-content\/uploads\/2020\/07\/04-TERMO-COLABORA\u00c7\u00c3O-N\u00ba-002-2020.pdf\">04 &#8211; TERMO COLABORA\u00c7\u00c3O N\u00ba 002-2020<\/a><\/p>\n<p><a href=\"http:\/\/www.cardoso.sp.gov.br\/novo\/coronavirus\/wp-content\/uploads\/2020\/07\/05-TERMO-ADITIVO-001-AO-TC-002-2020_PLANO-DE-TRABALHO.pdf\">05 &#8211; TERMO ADITIVO 001 AO TC 002-2020_PLANO DE TRABALHO<\/a><\/p>\n<p><a href=\"http:\/\/www.cardoso.sp.gov.br\/novo\/coronavirus\/wp-content\/uploads\/2020\/07\/06-TERMO-ADITIVO-002-AO-TC-002-2020_PLANO-DE-TRABALHO.pdf\">06 &#8211; TERMO ADITIVO 002 AO TC 002-2020_PLANO DE TRABALHO<\/a><\/p>\n<p><a href=\"http:\/\/www.cardoso.sp.gov.br\/novo\/coronavirus\/wp-content\/uploads\/2020\/07\/07-TERMO-ADITIVO-003-AO-TC-002-2020_PLANO-DE-TRABALHO.pdf\">07 &#8211; TERMO ADITIVO 003 AO TC 002-2020_PLANO DE TRABALHO<\/a><\/p>\n","protected":false},"excerpt":{"rendered":"<p>TERMO DE COLABORA\u00c7\u00c3O QUE ENTRE SI CELEBRAM O MUNIC\u00cdPIO DE CARDOSO E O \u201cLAR S\u00c3O VICENTE DE PAULO\u201d. 01 &#8211; PARECER COMISS\u00c3O 02 &#8211; CREDENCIAMENTO_LAR S\u00c3O<span class=\"excerpt-hellip\"> [\u2026]<\/span><\/p>\n","protected":false},"author":5,"featured_media":0,"comment_status":"closed","ping_status":"closed","sticky":false,"template":"","format":"standard","meta":{"footnotes":""},"categories":[6],"tags":[],"class_list":["post-526","post","type-post","status-publish","format-standard","hentry","category-repasses-e-contratacoes"],"_links":{"self":[{"href":"https:\/\/www.cardoso.sp.gov.br\/novo\/coronavirus\/wp-json\/wp\/v2\/posts\/526","targetHints":{"allow":["GET"]}}],"collection":[{"href":"https:\/\/www.cardoso.sp.gov.br\/novo\/coronavirus\/wp-json\/wp\/v2\/posts"}],"about":[{"href":"https:\/\/www.cardoso.sp.gov.br\/novo\/coronavirus\/wp-json\/wp\/v2\/types\/post"}],"author":[{"embeddable":true,"href":"https:\/\/www.cardoso.sp.gov.br\/novo\/coronavirus\/wp-json\/wp\/v2\/users\/5"}],"replies":[{"embeddable":true,"href":"https:\/\/www.cardoso.sp.gov.br\/novo\/coronavirus\/wp-json\/wp\/v2\/comments?post=526"}],"version-history":[{"count":3,"href":"https:\/\/www.cardoso.sp.gov.br\/novo\/coronavirus\/wp-json\/wp\/v2\/posts\/526\/revisions"}],"predecessor-version":[{"id":1515,"href":"https:\/\/www.cardoso.sp.gov.br\/novo\/coronavirus\/wp-json\/wp\/v2\/posts\/526\/revisions\/1515"}],"wp:attachment":[{"href":"https:\/\/www.cardoso.sp.gov.br\/novo\/coronavirus\/wp-json\/wp\/v2\/media?parent=526"}],"wp:term":[{"taxonomy":"category","embeddable":true,"href":"https:\/\/www.cardoso.sp.gov.br\/novo\/coronavirus\/wp-json\/wp\/v2\/categories?post=526"},{"taxonomy":"post_tag","embeddable":true,"href":"https:\/\/www.cardoso.sp.gov.br\/novo\/coronavirus\/wp-json\/wp\/v2\/tags?post=526"}],"curies":[{"name":"wp","href":"https:\/\/api.w.org\/{rel}","templated":true}]}}