{"id":521,"date":"2020-07-22T18:37:04","date_gmt":"2020-07-22T21:37:04","guid":{"rendered":"http:\/\/www.cardoso.sp.gov.br\/novo\/coronavirus\/?p=521"},"modified":"2020-07-22T18:37:04","modified_gmt":"2020-07-22T21:37:04","slug":"fiscalizacao-com-apoio-da-policia-militar-checa-denuncias-de-aglomeracao-e-festas-em-casas-e-ranchos","status":"publish","type":"post","link":"https:\/\/www.cardoso.sp.gov.br\/novo\/coronavirus\/fiscalizacao-com-apoio-da-policia-militar-checa-denuncias-de-aglomeracao-e-festas-em-casas-e-ranchos\/","title":{"rendered":"FISCALIZA\u00c7\u00c3O COM APOIO DA POL\u00cdCIA MILITAR CHECA DEN\u00daNCIAS DE AGLOMERA\u00c7\u00c3O E FESTAS EM CASAS E RANCHOS"},"content":{"rendered":"<p><strong>Data: 22 de julho de 2020<\/strong><\/p>\n<p>O Departamento de Fiscaliza\u00e7\u00e3o com o apoio da Pol\u00edcia Militar vem trabalhando constantemente. Ao receber uma den\u00fancia por meio do Disque Den\u00fancia, os casos s\u00e3o averiguados e constatando a infra\u00e7\u00e3o as medidas legais s\u00e3o aplicadas. Em um primeiro momento os infratores est\u00e3o sendo notificados e orientados no risco que est\u00e3o correndo e ao mesmo tempo expondo outras pessoas ao risco. O que vem ocorrendo \u00e9 que muitos est\u00e3o denunciando sem enviar uma prova do ocorrido, e o que dificulta a averigua\u00e7\u00e3o, pois ainda existem pessoas que acabam passando \u201cTrote\u201d informando algo que na realidade n\u00e3o est\u00e1 ocorrendo. O departamento de fiscaliza\u00e7\u00e3o adotou uma regra de que s\u00f3 ser\u00e1 averiguada a den\u00fancia que conter prova (foto).<\/p>\n<p>As festas particulares e aglomera\u00e7\u00f5es est\u00e3o sendo consideradas crime previsto no Artigo 268 do C\u00f3digo Penal Brasileiro.<\/p>\n<p><strong>C\u00f3digo Penal \u2013 Decreto-lei no 2.848, de 7 de dezembro de 1940<\/strong><\/p>\n<p>Art. 268 \u2013 Infringir determina\u00e7\u00e3o do poder p\u00fablico, destinada a impedir introdu\u00e7\u00e3o ou propaga\u00e7\u00e3o de doen\u00e7a contagiosa:<\/p>\n<p><strong>Pena \u2013 deten\u00e7\u00e3o, de um m\u00eas a um ano, e multa.<\/strong><\/p>\n<p>Fonte da Not\u00edcia: <a href=\"http:\/\/www.cardoso.sp.gov.br\/novo\/noticias\/fiscalizacao-com-apoio-da-policia-militar-checa-denuncias-de-aglomeracao-e-festas-em-casas-e-ranchos\/\"><strong>Portal do Munic\u00edpio de Cardoso<\/strong><\/a><\/p>\n\n\t\t\t<style type='text\/css'>\n\t\t\t\t#sc_gallery-1 {\n\t\t\t\t\tmargin: auto;\n\t\t\t\t}\n\t\t\t\t#sc_gallery-1 .gallery-item {\n\t\t\t\t\tfloat: left;\n\t\t\t\t\tmargin-top: 10px;\n\t\t\t\t\ttext-align: center;\n\t\t\t\t\twidth: 33.33%;\n\t\t\t\t}\n\t\t\t\t#sc_gallery-1 img {\n\t\t\t\t\tborder: 2px solid #cfcfcf;\n\t\t\t\t}\n\t\t\t\t#sc_gallery-1 .gallery-caption {\n\t\t\t\t\tmargin-left: 0;\n\t\t\t\t}\n\t\t\t\t\/* see sc_gallery() in functions\/theme-shortcodes.php *\/\n\t\t\t<\/style>\n\t\t<div id='sc_gallery-1' class='gallery galleryid-521 gallery-columns-3 gallery-size-thumbnail '><dl class='gallery-item'>\n\t\t\t\t<dt class='gallery-icon landscape'>\n\t\t\t\t\t<a href='https:\/\/www.cardoso.sp.gov.br\/novo\/coronavirus\/fiscalizacao-com-apoio-da-policia-militar-checa-denuncias-de-aglomeracao-e-festas-em-casas-e-ranchos\/whatsapp-image-2020-07-19-at-12-20_edited\/'><img loading=\"lazy\" decoding=\"async\" width=\"150\" height=\"150\" src=\"https:\/\/www.cardoso.sp.gov.br\/novo\/coronavirus\/wp-content\/uploads\/2020\/07\/WhatsApp-Image-2020-07-19-at-12.20_edited-150x150.jpg\" class=\"attachment-thumbnail size-thumbnail\" alt=\"\" srcset=\"https:\/\/www.cardoso.sp.gov.br\/novo\/coronavirus\/wp-content\/uploads\/2020\/07\/WhatsApp-Image-2020-07-19-at-12.20_edited-150x150.jpg 150w, https:\/\/www.cardoso.sp.gov.br\/novo\/coronavirus\/wp-content\/uploads\/2020\/07\/WhatsApp-Image-2020-07-19-at-12.20_edited-85x85.jpg 85w, https:\/\/www.cardoso.sp.gov.br\/novo\/coronavirus\/wp-content\/uploads\/2020\/07\/WhatsApp-Image-2020-07-19-at-12.20_edited-80x80.jpg 80w, https:\/\/www.cardoso.sp.gov.br\/novo\/coronavirus\/wp-content\/uploads\/2020\/07\/WhatsApp-Image-2020-07-19-at-12.20_edited-768x768.jpg 768w\" sizes=\"auto, (max-width: 150px) 100vw, 150px\" \/><\/a>\n\t\t\t\t<\/dt><\/dl><dl class='gallery-item'>\n\t\t\t\t<dt class='gallery-icon landscape'>\n\t\t\t\t\t<a href='https:\/\/www.cardoso.sp.gov.br\/novo\/coronavirus\/fiscalizacao-com-apoio-da-policia-militar-checa-denuncias-de-aglomeracao-e-festas-em-casas-e-ranchos\/whatsapp-image-2020-07-19-at-12-18_edited-1\/'><img loading=\"lazy\" decoding=\"async\" width=\"150\" height=\"150\" src=\"https:\/\/www.cardoso.sp.gov.br\/novo\/coronavirus\/wp-content\/uploads\/2020\/07\/WhatsApp-Image-2020-07-19-at-12.18_edited-1-150x150.jpg\" class=\"attachment-thumbnail size-thumbnail\" alt=\"\" srcset=\"https:\/\/www.cardoso.sp.gov.br\/novo\/coronavirus\/wp-content\/uploads\/2020\/07\/WhatsApp-Image-2020-07-19-at-12.18_edited-1-150x150.jpg 150w, https:\/\/www.cardoso.sp.gov.br\/novo\/coronavirus\/wp-content\/uploads\/2020\/07\/WhatsApp-Image-2020-07-19-at-12.18_edited-1-85x85.jpg 85w, https:\/\/www.cardoso.sp.gov.br\/novo\/coronavirus\/wp-content\/uploads\/2020\/07\/WhatsApp-Image-2020-07-19-at-12.18_edited-1-80x80.jpg 80w, https:\/\/www.cardoso.sp.gov.br\/novo\/coronavirus\/wp-content\/uploads\/2020\/07\/WhatsApp-Image-2020-07-19-at-12.18_edited-1-768x768.jpg 768w\" sizes=\"auto, (max-width: 150px) 100vw, 150px\" \/><\/a>\n\t\t\t\t<\/dt><\/dl><dl class='gallery-item'>\n\t\t\t\t<dt class='gallery-icon landscape'>\n\t\t\t\t\t<a href='https:\/\/www.cardoso.sp.gov.br\/novo\/coronavirus\/fiscalizacao-com-apoio-da-policia-militar-checa-denuncias-de-aglomeracao-e-festas-em-casas-e-ranchos\/whatsapp-image-2020-07-18-at-20-08-09\/'><img loading=\"lazy\" decoding=\"async\" width=\"150\" height=\"150\" src=\"https:\/\/www.cardoso.sp.gov.br\/novo\/coronavirus\/wp-content\/uploads\/2020\/07\/WhatsApp-Image-2020-07-18-at-20.08.09-150x150.jpeg\" class=\"attachment-thumbnail size-thumbnail\" alt=\"\" srcset=\"https:\/\/www.cardoso.sp.gov.br\/novo\/coronavirus\/wp-content\/uploads\/2020\/07\/WhatsApp-Image-2020-07-18-at-20.08.09-150x150.jpeg 150w, https:\/\/www.cardoso.sp.gov.br\/novo\/coronavirus\/wp-content\/uploads\/2020\/07\/WhatsApp-Image-2020-07-18-at-20.08.09-85x85.jpeg 85w, https:\/\/www.cardoso.sp.gov.br\/novo\/coronavirus\/wp-content\/uploads\/2020\/07\/WhatsApp-Image-2020-07-18-at-20.08.09-80x80.jpeg 80w, https:\/\/www.cardoso.sp.gov.br\/novo\/coronavirus\/wp-content\/uploads\/2020\/07\/WhatsApp-Image-2020-07-18-at-20.08.09-768x768.jpeg 768w\" sizes=\"auto, (max-width: 150px) 100vw, 150px\" \/><\/a>\n\t\t\t\t<\/dt><\/dl><br style=\"clear: both\" \/>\n\t\t\t<\/div>\n\n","protected":false},"excerpt":{"rendered":"<p>Data: 22 de julho de 2020 O Departamento de Fiscaliza\u00e7\u00e3o com o apoio da Pol\u00edcia Militar vem trabalhando constantemente. Ao receber uma den\u00fancia por meio do<span class=\"excerpt-hellip\"> [\u2026]<\/span><\/p>\n","protected":false},"author":5,"featured_media":523,"comment_status":"closed","ping_status":"closed","sticky":false,"template":"","format":"standard","meta":{"footnotes":""},"categories":[1],"tags":[],"class_list":["post-521","post","type-post","status-publish","format-standard","has-post-thumbnail","hentry","category-noticias"],"_links":{"self":[{"href":"https:\/\/www.cardoso.sp.gov.br\/novo\/coronavirus\/wp-json\/wp\/v2\/posts\/521","targetHints":{"allow":["GET"]}}],"collection":[{"href":"https:\/\/www.cardoso.sp.gov.br\/novo\/coronavirus\/wp-json\/wp\/v2\/posts"}],"about":[{"href":"https:\/\/www.cardoso.sp.gov.br\/novo\/coronavirus\/wp-json\/wp\/v2\/types\/post"}],"author":[{"embeddable":true,"href":"https:\/\/www.cardoso.sp.gov.br\/novo\/coronavirus\/wp-json\/wp\/v2\/users\/5"}],"replies":[{"embeddable":true,"href":"https:\/\/www.cardoso.sp.gov.br\/novo\/coronavirus\/wp-json\/wp\/v2\/comments?post=521"}],"version-history":[{"count":1,"href":"https:\/\/www.cardoso.sp.gov.br\/novo\/coronavirus\/wp-json\/wp\/v2\/posts\/521\/revisions"}],"predecessor-version":[{"id":525,"href":"https:\/\/www.cardoso.sp.gov.br\/novo\/coronavirus\/wp-json\/wp\/v2\/posts\/521\/revisions\/525"}],"wp:featuredmedia":[{"embeddable":true,"href":"https:\/\/www.cardoso.sp.gov.br\/novo\/coronavirus\/wp-json\/wp\/v2\/media\/523"}],"wp:attachment":[{"href":"https:\/\/www.cardoso.sp.gov.br\/novo\/coronavirus\/wp-json\/wp\/v2\/media?parent=521"}],"wp:term":[{"taxonomy":"category","embeddable":true,"href":"https:\/\/www.cardoso.sp.gov.br\/novo\/coronavirus\/wp-json\/wp\/v2\/categories?post=521"},{"taxonomy":"post_tag","embeddable":true,"href":"https:\/\/www.cardoso.sp.gov.br\/novo\/coronavirus\/wp-json\/wp\/v2\/tags?post=521"}],"curies":[{"name":"wp","href":"https:\/\/api.w.org\/{rel}","templated":true}]}}