{"id":382,"date":"2020-05-21T15:56:19","date_gmt":"2020-05-21T18:56:19","guid":{"rendered":"http:\/\/www.cardoso.sp.gov.br\/novo\/coronavirus\/?p=382"},"modified":"2020-05-21T15:56:19","modified_gmt":"2020-05-21T18:56:19","slug":"secretaria-de-assistencia-social-recebe-doacao-de-tecido-para-confeccao-de-mascaras","status":"publish","type":"post","link":"https:\/\/www.cardoso.sp.gov.br\/novo\/coronavirus\/secretaria-de-assistencia-social-recebe-doacao-de-tecido-para-confeccao-de-mascaras\/","title":{"rendered":"SECRETARIA DE ASSIST\u00caNCIA SOCIAL RECEBE DOA\u00c7\u00c3O DE TECIDO PARA CONFEC\u00c7\u00c3O DE M\u00c1SCARAS"},"content":{"rendered":"<p><strong>Data: 19 de maio de 2020<\/strong><\/p>\n<p>A Secretaria de Assist\u00eancia Social do munic\u00edpio recebeu uma doa\u00e7\u00e3o que ajudar\u00e1 na prote\u00e7\u00e3o da popula\u00e7\u00e3o cardosense, neste momento de pandemia da COVID-19. O gesto de solidariedade veio do Sindicato Rural de Cardoso, que doou tecido para a confec\u00e7\u00e3o de aproximadamente 3.000 m\u00e1scaras.<\/p>\n<p>O tecido foi recebido e logo separado e enviado para as costureiras, que de forma volunt\u00e1ria iniciaram o processo de fabrica\u00e7\u00e3o em suas pr\u00f3prias resid\u00eancias, a prefeitura forneceu todo material necess\u00e1rio que faltava para a confec\u00e7\u00e3o das m\u00e1scaras, e depois de confeccionadas as m\u00e1scaras formam encaminhado \u00e0 Secretaria Municipal de Sa\u00fade que distribui entre as unidades de sa\u00fade do munic\u00edpio. Para garantir a sua basta ir at\u00e9 a unidade de sa\u00fade mais pr\u00f3xima de sua resid\u00eancia e retirar sua m\u00e1scara gratuitamente.<\/p>\n<p>O prefeito Dr. Jair Cesar Nattes \u201cTucura\u201d agradeceu a doa\u00e7\u00e3o em nome da popula\u00e7\u00e3o cardosense. \u201c\u00c9 um momento dif\u00edcil, de extremo cuidado de todos e, iniciativas como esta, fazem a diferen\u00e7a. Muitas pessoas da nossa comunidade ser\u00e3o beneficiadas com este gesto de solidariedade tanto do sindicato na doa\u00e7\u00e3o do tecido, quanto das costureiras na doa\u00e7\u00e3o da m\u00e3o-de-obra. O momento \u00e9 de uni\u00e3o\u201d, ressaltou o prefeito\u201d.<\/p>\n<p>Fonte da Not\u00edcia: <a href=\"http:\/\/www.cardoso.sp.gov.br\/novo\/noticias\/secretaria-de-assistencia-social-recebe-doacao-de-tecido-para-confeccao-de-mascaras\/\"><strong>Portal do Munic\u00edpio de Cardoso<\/strong><\/a><\/p>\n","protected":false},"excerpt":{"rendered":"<p>Data: 19 de maio de 2020 A Secretaria de Assist\u00eancia Social do munic\u00edpio recebeu uma doa\u00e7\u00e3o que ajudar\u00e1 na prote\u00e7\u00e3o da popula\u00e7\u00e3o cardosense, neste momento de<span class=\"excerpt-hellip\"> [\u2026]<\/span><\/p>\n","protected":false},"author":5,"featured_media":384,"comment_status":"closed","ping_status":"closed","sticky":false,"template":"","format":"standard","meta":{"footnotes":""},"categories":[1],"tags":[],"class_list":["post-382","post","type-post","status-publish","format-standard","has-post-thumbnail","hentry","category-noticias"],"_links":{"self":[{"href":"https:\/\/www.cardoso.sp.gov.br\/novo\/coronavirus\/wp-json\/wp\/v2\/posts\/382","targetHints":{"allow":["GET"]}}],"collection":[{"href":"https:\/\/www.cardoso.sp.gov.br\/novo\/coronavirus\/wp-json\/wp\/v2\/posts"}],"about":[{"href":"https:\/\/www.cardoso.sp.gov.br\/novo\/coronavirus\/wp-json\/wp\/v2\/types\/post"}],"author":[{"embeddable":true,"href":"https:\/\/www.cardoso.sp.gov.br\/novo\/coronavirus\/wp-json\/wp\/v2\/users\/5"}],"replies":[{"embeddable":true,"href":"https:\/\/www.cardoso.sp.gov.br\/novo\/coronavirus\/wp-json\/wp\/v2\/comments?post=382"}],"version-history":[{"count":1,"href":"https:\/\/www.cardoso.sp.gov.br\/novo\/coronavirus\/wp-json\/wp\/v2\/posts\/382\/revisions"}],"predecessor-version":[{"id":385,"href":"https:\/\/www.cardoso.sp.gov.br\/novo\/coronavirus\/wp-json\/wp\/v2\/posts\/382\/revisions\/385"}],"wp:featuredmedia":[{"embeddable":true,"href":"https:\/\/www.cardoso.sp.gov.br\/novo\/coronavirus\/wp-json\/wp\/v2\/media\/384"}],"wp:attachment":[{"href":"https:\/\/www.cardoso.sp.gov.br\/novo\/coronavirus\/wp-json\/wp\/v2\/media?parent=382"}],"wp:term":[{"taxonomy":"category","embeddable":true,"href":"https:\/\/www.cardoso.sp.gov.br\/novo\/coronavirus\/wp-json\/wp\/v2\/categories?post=382"},{"taxonomy":"post_tag","embeddable":true,"href":"https:\/\/www.cardoso.sp.gov.br\/novo\/coronavirus\/wp-json\/wp\/v2\/tags?post=382"}],"curies":[{"name":"wp","href":"https:\/\/api.w.org\/{rel}","templated":true}]}}