{"id":1096,"date":"2021-03-26T16:12:22","date_gmt":"2021-03-26T19:12:22","guid":{"rendered":"http:\/\/www.cardoso.sp.gov.br\/novo\/coronavirus\/?p=1096"},"modified":"2021-03-26T16:12:22","modified_gmt":"2021-03-26T19:12:22","slug":"decreto-no-3-601-2021-flexibiliza-medidas-e-da-outras-providencias","status":"publish","type":"post","link":"https:\/\/www.cardoso.sp.gov.br\/novo\/coronavirus\/decreto-no-3-601-2021-flexibiliza-medidas-e-da-outras-providencias\/","title":{"rendered":"DECRETO N\u00ba 3.601-2021 &#8211; FLEXIBILIZA MEDIDAS E D\u00c1 OUTRAS PROVID\u00caNCIAS"},"content":{"rendered":"<p><strong>DECRETO N\u00ba 3.601, DE 26 DE MAR\u00c7O DE 2021.<\/strong><\/p>\n<p>DISP\u00d5E SOBRE ADO\u00c7\u00c3O DE FLEXIBILIZA\u00c7\u00c3O DE MEDIDAS NO CONTEXTO DA PANDEMIA DO COVID-19, NO MUNICIPIO DE CARDOSO E D\u00c1 OUTRAS PROVIDENCIAS.<\/p>\n<p><a href=\"http:\/\/www.cardoso.sp.gov.br\/novo\/coronavirus\/wp-content\/uploads\/2021\/03\/DECRETO-No-3.601-2021-FLEXIBILIZA-MEDIDAS-E-DA-OUTRAS-PROVIDENCIAS.pdf\">DECRETO N\u00ba 3.601-2021 &#8211; FLEXIBILIZA MEDIDAS E D\u00c1 OUTRAS PROVID\u00caNCIAS<\/a><\/p>\n","protected":false},"excerpt":{"rendered":"<p>DECRETO N\u00ba 3.601, DE 26 DE MAR\u00c7O DE 2021. DISP\u00d5E SOBRE ADO\u00c7\u00c3O DE FLEXIBILIZA\u00c7\u00c3O DE MEDIDAS NO CONTEXTO DA PANDEMIA DO COVID-19, NO MUNICIPIO DE CARDOSO<span class=\"excerpt-hellip\"> [\u2026]<\/span><\/p>\n","protected":false},"author":5,"featured_media":0,"comment_status":"closed","ping_status":"closed","sticky":false,"template":"","format":"standard","meta":{"footnotes":""},"categories":[5],"tags":[],"class_list":["post-1096","post","type-post","status-publish","format-standard","hentry","category-notas-e-decretos"],"_links":{"self":[{"href":"https:\/\/www.cardoso.sp.gov.br\/novo\/coronavirus\/wp-json\/wp\/v2\/posts\/1096","targetHints":{"allow":["GET"]}}],"collection":[{"href":"https:\/\/www.cardoso.sp.gov.br\/novo\/coronavirus\/wp-json\/wp\/v2\/posts"}],"about":[{"href":"https:\/\/www.cardoso.sp.gov.br\/novo\/coronavirus\/wp-json\/wp\/v2\/types\/post"}],"author":[{"embeddable":true,"href":"https:\/\/www.cardoso.sp.gov.br\/novo\/coronavirus\/wp-json\/wp\/v2\/users\/5"}],"replies":[{"embeddable":true,"href":"https:\/\/www.cardoso.sp.gov.br\/novo\/coronavirus\/wp-json\/wp\/v2\/comments?post=1096"}],"version-history":[{"count":1,"href":"https:\/\/www.cardoso.sp.gov.br\/novo\/coronavirus\/wp-json\/wp\/v2\/posts\/1096\/revisions"}],"predecessor-version":[{"id":1098,"href":"https:\/\/www.cardoso.sp.gov.br\/novo\/coronavirus\/wp-json\/wp\/v2\/posts\/1096\/revisions\/1098"}],"wp:attachment":[{"href":"https:\/\/www.cardoso.sp.gov.br\/novo\/coronavirus\/wp-json\/wp\/v2\/media?parent=1096"}],"wp:term":[{"taxonomy":"category","embeddable":true,"href":"https:\/\/www.cardoso.sp.gov.br\/novo\/coronavirus\/wp-json\/wp\/v2\/categories?post=1096"},{"taxonomy":"post_tag","embeddable":true,"href":"https:\/\/www.cardoso.sp.gov.br\/novo\/coronavirus\/wp-json\/wp\/v2\/tags?post=1096"}],"curies":[{"name":"wp","href":"https:\/\/api.w.org\/{rel}","templated":true}]}}