{"id":1070,"date":"2021-03-18T16:35:31","date_gmt":"2021-03-18T19:35:31","guid":{"rendered":"http:\/\/www.cardoso.sp.gov.br\/novo\/coronavirus\/?p=1070"},"modified":"2021-03-18T16:35:31","modified_gmt":"2021-03-18T19:35:31","slug":"decreto-no-3-596-2021-dispoe-sobre-novas-medidas-restritivas-de-enfrentamento-a-pandemia-e-alteracoes-dos-decretos-3-594-e-3-587","status":"publish","type":"post","link":"https:\/\/www.cardoso.sp.gov.br\/novo\/coronavirus\/decreto-no-3-596-2021-dispoe-sobre-novas-medidas-restritivas-de-enfrentamento-a-pandemia-e-alteracoes-dos-decretos-3-594-e-3-587\/","title":{"rendered":"DECRETO N\u00ba 3.596-2021 &#8211; DISPOE SOBRE NOVAS MEDIDAS RESTRITIVAS DE ENFRENTAMENTO \u00c1 PANDEMIA E ALTERA\u00c7\u00d5ES DOS DECRETOS 3.594 E 3.587"},"content":{"rendered":"<p><strong>DECRETO N\u00ba 3.596, DE 18 DE MAR\u00c7O DE 2021.<\/strong><\/p>\n<p>DISPOE SOBRE NOVAS MEDIDAS RESTRITIVAS DE ENFRENTAMENTO \u00c1 PANDEMIA E ALTERA\u00c7\u00d5ES DOS DECRETOS 3.594 E 3.587.<\/p>\n<p><a href=\"http:\/\/www.cardoso.sp.gov.br\/novo\/coronavirus\/wp-content\/uploads\/2021\/03\/DECRETO-No-3.596-2021-DISPOE-SOBRE-NOVAS-MEDIDAS-RESTRITIVAS-DE-ENFRENTAMENTO-A-PANDEMIA-E-ALTERACOES-DOS-DECRETOS-3.594-E-3.587.pdf\">DECRETO N\u00ba 3.596-2021 &#8211; DISPOE SOBRE NOVAS MEDIDAS RESTRITIVAS DE ENFRENTAMENTO \u00c1 PANDEMIA E ALTERA\u00c7\u00d5ES DOS DECRETOS 3.594 E 3.587<\/a><\/p>\n","protected":false},"excerpt":{"rendered":"<p>DECRETO N\u00ba 3.596, DE 18 DE MAR\u00c7O DE 2021. DISPOE SOBRE NOVAS MEDIDAS RESTRITIVAS DE ENFRENTAMENTO \u00c1 PANDEMIA E ALTERA\u00c7\u00d5ES DOS DECRETOS 3.594 E 3.587. DECRETO<span class=\"excerpt-hellip\"> [\u2026]<\/span><\/p>\n","protected":false},"author":5,"featured_media":0,"comment_status":"closed","ping_status":"closed","sticky":false,"template":"","format":"standard","meta":{"footnotes":""},"categories":[5],"tags":[],"class_list":["post-1070","post","type-post","status-publish","format-standard","hentry","category-notas-e-decretos"],"_links":{"self":[{"href":"https:\/\/www.cardoso.sp.gov.br\/novo\/coronavirus\/wp-json\/wp\/v2\/posts\/1070","targetHints":{"allow":["GET"]}}],"collection":[{"href":"https:\/\/www.cardoso.sp.gov.br\/novo\/coronavirus\/wp-json\/wp\/v2\/posts"}],"about":[{"href":"https:\/\/www.cardoso.sp.gov.br\/novo\/coronavirus\/wp-json\/wp\/v2\/types\/post"}],"author":[{"embeddable":true,"href":"https:\/\/www.cardoso.sp.gov.br\/novo\/coronavirus\/wp-json\/wp\/v2\/users\/5"}],"replies":[{"embeddable":true,"href":"https:\/\/www.cardoso.sp.gov.br\/novo\/coronavirus\/wp-json\/wp\/v2\/comments?post=1070"}],"version-history":[{"count":1,"href":"https:\/\/www.cardoso.sp.gov.br\/novo\/coronavirus\/wp-json\/wp\/v2\/posts\/1070\/revisions"}],"predecessor-version":[{"id":1072,"href":"https:\/\/www.cardoso.sp.gov.br\/novo\/coronavirus\/wp-json\/wp\/v2\/posts\/1070\/revisions\/1072"}],"wp:attachment":[{"href":"https:\/\/www.cardoso.sp.gov.br\/novo\/coronavirus\/wp-json\/wp\/v2\/media?parent=1070"}],"wp:term":[{"taxonomy":"category","embeddable":true,"href":"https:\/\/www.cardoso.sp.gov.br\/novo\/coronavirus\/wp-json\/wp\/v2\/categories?post=1070"},{"taxonomy":"post_tag","embeddable":true,"href":"https:\/\/www.cardoso.sp.gov.br\/novo\/coronavirus\/wp-json\/wp\/v2\/tags?post=1070"}],"curies":[{"name":"wp","href":"https:\/\/api.w.org\/{rel}","templated":true}]}}