{"id":1039,"date":"2021-03-05T11:34:40","date_gmt":"2021-03-05T14:34:40","guid":{"rendered":"http:\/\/www.cardoso.sp.gov.br\/novo\/coronavirus\/?p=1039"},"modified":"2021-03-12T16:22:48","modified_gmt":"2021-03-12T19:22:48","slug":"decreto-no-3-583-2021-adocao-de-flexibilizacao-medidas-covid-19-2","status":"publish","type":"post","link":"https:\/\/www.cardoso.sp.gov.br\/novo\/coronavirus\/decreto-no-3-583-2021-adocao-de-flexibilizacao-medidas-covid-19-2\/","title":{"rendered":"DECRETO N\u00ba 3.587-2021 &#8211; ADO\u00c7\u00c3O DE FLEXIBILIZA\u00c7\u00c3O MEDIDAS &#8211; COVID-19"},"content":{"rendered":"<p><strong>DECRETO N\u00ba 3.587, DE 05 DE MAR\u00c7O DE 2021.<\/strong><\/p>\n<p>DISPOE SOBRE A IMPLEMENTA\u00c7AO DE MEDIDAS RESTRITIVAS COMPLEMENTARES, DE CAR\u00c1TER EXCEPCIONAL E TEMPOR\u00c1RIO VISANDO A CONTEN\u00c7\u00c3O DA DISSEMINA\u00c7\u00c3O DA COV1D-19 NO MUNIC\u00cdPIO DE CARDOSO E D\u00c1 OUTRAS PROVID\u00caNCIAS.<\/p>\n<p><a href=\"http:\/\/www.cardoso.sp.gov.br\/novo\/coronavirus\/wp-content\/uploads\/2021\/03\/DECRETO-No-3.587-2021-ADOCAO-DE-MEDIDAS-FASE-VERMELHA..pdf\">DECRETO N\u00ba 3.587-2021 &#8211; ADO\u00c7\u00c3O DE MEDIDAS &#8211; FASE VERMELHA.<\/a><\/p>\n","protected":false},"excerpt":{"rendered":"<p>DECRETO N\u00ba 3.587, DE 05 DE MAR\u00c7O DE 2021. DISPOE SOBRE A IMPLEMENTA\u00c7AO DE MEDIDAS RESTRITIVAS COMPLEMENTARES, DE CAR\u00c1TER EXCEPCIONAL E TEMPOR\u00c1RIO VISANDO A CONTEN\u00c7\u00c3O DA<span class=\"excerpt-hellip\"> [\u2026]<\/span><\/p>\n","protected":false},"author":5,"featured_media":0,"comment_status":"closed","ping_status":"closed","sticky":false,"template":"","format":"standard","meta":{"footnotes":""},"categories":[5],"tags":[],"class_list":["post-1039","post","type-post","status-publish","format-standard","hentry","category-notas-e-decretos"],"_links":{"self":[{"href":"https:\/\/www.cardoso.sp.gov.br\/novo\/coronavirus\/wp-json\/wp\/v2\/posts\/1039","targetHints":{"allow":["GET"]}}],"collection":[{"href":"https:\/\/www.cardoso.sp.gov.br\/novo\/coronavirus\/wp-json\/wp\/v2\/posts"}],"about":[{"href":"https:\/\/www.cardoso.sp.gov.br\/novo\/coronavirus\/wp-json\/wp\/v2\/types\/post"}],"author":[{"embeddable":true,"href":"https:\/\/www.cardoso.sp.gov.br\/novo\/coronavirus\/wp-json\/wp\/v2\/users\/5"}],"replies":[{"embeddable":true,"href":"https:\/\/www.cardoso.sp.gov.br\/novo\/coronavirus\/wp-json\/wp\/v2\/comments?post=1039"}],"version-history":[{"count":2,"href":"https:\/\/www.cardoso.sp.gov.br\/novo\/coronavirus\/wp-json\/wp\/v2\/posts\/1039\/revisions"}],"predecessor-version":[{"id":1058,"href":"https:\/\/www.cardoso.sp.gov.br\/novo\/coronavirus\/wp-json\/wp\/v2\/posts\/1039\/revisions\/1058"}],"wp:attachment":[{"href":"https:\/\/www.cardoso.sp.gov.br\/novo\/coronavirus\/wp-json\/wp\/v2\/media?parent=1039"}],"wp:term":[{"taxonomy":"category","embeddable":true,"href":"https:\/\/www.cardoso.sp.gov.br\/novo\/coronavirus\/wp-json\/wp\/v2\/categories?post=1039"},{"taxonomy":"post_tag","embeddable":true,"href":"https:\/\/www.cardoso.sp.gov.br\/novo\/coronavirus\/wp-json\/wp\/v2\/tags?post=1039"}],"curies":[{"name":"wp","href":"https:\/\/api.w.org\/{rel}","templated":true}]}}