{"id":1006,"date":"2021-02-17T17:08:24","date_gmt":"2021-02-17T19:08:24","guid":{"rendered":"http:\/\/www.cardoso.sp.gov.br\/novo\/coronavirus\/?p=1006"},"modified":"2021-02-17T17:08:24","modified_gmt":"2021-02-17T19:08:24","slug":"decreto-no-3-583-2021-adocao-de-flexibilizacao-medidas-covid-19","status":"publish","type":"post","link":"https:\/\/www.cardoso.sp.gov.br\/novo\/coronavirus\/decreto-no-3-583-2021-adocao-de-flexibilizacao-medidas-covid-19\/","title":{"rendered":"DECRETO N\u00ba 3.583-2021 &#8211; ADO\u00c7\u00c3O DE FLEXIBILIZA\u00c7\u00c3O MEDIDAS &#8211; COVID-19"},"content":{"rendered":"<p><strong>DECRETO N\u00ba 3.583, DE 17 DE FEVEREIRO DE 2021.<\/strong><\/p>\n<p>DISP\u00d5E SOBRE ADO\u00c7\u00c3O DE FLEXIBILIZA\u00c7\u00c3O DE MEDIDAS NO CONTEXTO DA PANDEMIA DO COVID-19, NO MUNIC\u00cdPIO DE CARDOSO E D\u00c1 OUTRAS PROVIDENCIAS.<\/p>\n<p><a href=\"http:\/\/www.cardoso.sp.gov.br\/novo\/coronavirus\/wp-content\/uploads\/2021\/02\/DECRETO-No-3.583-2021-ADOCAO-DE-FLEXIBILIZACAO-MEDIDAS-COVID-19.pdf\">DECRETO N\u00ba 3.583-2021 &#8211; ADO\u00c7\u00c3O DE FLEXIBILIZA\u00c7\u00c3O MEDIDAS &#8211; COVID-19<\/a><\/p>\n<p>&nbsp;<\/p>\n","protected":false},"excerpt":{"rendered":"<p>DECRETO N\u00ba 3.583, DE 17 DE FEVEREIRO DE 2021. DISP\u00d5E SOBRE ADO\u00c7\u00c3O DE FLEXIBILIZA\u00c7\u00c3O DE MEDIDAS NO CONTEXTO DA PANDEMIA DO COVID-19, NO MUNIC\u00cdPIO DE CARDOSO<span class=\"excerpt-hellip\"> [\u2026]<\/span><\/p>\n","protected":false},"author":5,"featured_media":0,"comment_status":"closed","ping_status":"closed","sticky":false,"template":"","format":"standard","meta":{"footnotes":""},"categories":[5],"tags":[],"class_list":["post-1006","post","type-post","status-publish","format-standard","hentry","category-notas-e-decretos"],"_links":{"self":[{"href":"https:\/\/www.cardoso.sp.gov.br\/novo\/coronavirus\/wp-json\/wp\/v2\/posts\/1006","targetHints":{"allow":["GET"]}}],"collection":[{"href":"https:\/\/www.cardoso.sp.gov.br\/novo\/coronavirus\/wp-json\/wp\/v2\/posts"}],"about":[{"href":"https:\/\/www.cardoso.sp.gov.br\/novo\/coronavirus\/wp-json\/wp\/v2\/types\/post"}],"author":[{"embeddable":true,"href":"https:\/\/www.cardoso.sp.gov.br\/novo\/coronavirus\/wp-json\/wp\/v2\/users\/5"}],"replies":[{"embeddable":true,"href":"https:\/\/www.cardoso.sp.gov.br\/novo\/coronavirus\/wp-json\/wp\/v2\/comments?post=1006"}],"version-history":[{"count":1,"href":"https:\/\/www.cardoso.sp.gov.br\/novo\/coronavirus\/wp-json\/wp\/v2\/posts\/1006\/revisions"}],"predecessor-version":[{"id":1008,"href":"https:\/\/www.cardoso.sp.gov.br\/novo\/coronavirus\/wp-json\/wp\/v2\/posts\/1006\/revisions\/1008"}],"wp:attachment":[{"href":"https:\/\/www.cardoso.sp.gov.br\/novo\/coronavirus\/wp-json\/wp\/v2\/media?parent=1006"}],"wp:term":[{"taxonomy":"category","embeddable":true,"href":"https:\/\/www.cardoso.sp.gov.br\/novo\/coronavirus\/wp-json\/wp\/v2\/categories?post=1006"},{"taxonomy":"post_tag","embeddable":true,"href":"https:\/\/www.cardoso.sp.gov.br\/novo\/coronavirus\/wp-json\/wp\/v2\/tags?post=1006"}],"curies":[{"name":"wp","href":"https:\/\/api.w.org\/{rel}","templated":true}]}}